{"id":38382,"date":"2022-03-22T09:51:48","date_gmt":"2022-03-22T12:51:48","guid":{"rendered":"http:\/\/www.sincomam.org.br\/?p=38382"},"modified":"2022-03-22T09:51:48","modified_gmt":"2022-03-22T12:51:48","slug":"governo-incentiva-turismo-nautico-no-pais","status":"publish","type":"post","link":"https:\/\/www.sincomam.org.br\/index.php\/governo-incentiva-turismo-nautico-no-pais\/","title":{"rendered":"Governo incentiva turismo n\u00e1utico no pa\u00eds"},"content":{"rendered":"<p>O governo federal quer estimular o turismo n\u00e1utico no pa\u00eds. Para isso, lan\u00e7ou uma s\u00e9rie de medidas, entre elas, a elimina\u00e7\u00e3o do imposto para importa\u00e7\u00e3o de veleiros e\u00a0<em>jet skys<\/em>\u00a0novos ou usados. Al\u00e9m disso, a profiss\u00e3o de condutor n\u00e1utico ser\u00e1 reconhecida. Com o reconhecimento, os condutores passar\u00e3o a ter linhas de cr\u00e9dito voltadas para eles, disse o ministro do Turismo, Gilson Machado, em entrevista ao programa\u00a0<em>A Voz Brasil<\/em> . \u201cIsso traz seguran\u00e7a pro turista e para o cidad\u00e3o pois pode passar a ser reconhecido como uma profiss\u00e3o.\u201d, disse o ministro.<img decoding=\"async\" src=\"https:\/\/agenciabrasil.ebc.com.br\/ebc.png?id=1449668&amp;o=node\" \/><img decoding=\"async\" src=\"https:\/\/agenciabrasil.ebc.com.br\/ebc.gif?id=1449668&amp;o=node\" \/><\/p>\n<p>Segundo Machado, o pa\u00eds tem potencial para o turismo n\u00e1utico: 8 mil quil\u00f4metros de costa, mais de 1200 ilhas oce\u00e2nicas e mais de 35 mil quil\u00f4metros de rios e lagos. O ministro diz que o objetivo do governo \u00e9 democratizar essa atividade. Ele disse que no pa\u00eds n\u00e3o existe, por exemplo, rampas para acesso de barcos a rios ou lagos. \u201cAqui a gente n\u00e3o tem essa cultura que em grande parte dos pa\u00edses tem. O turismo n\u00e1utico tem de ser democratizado no brasil.\u201d, disse.<\/p>\n<p>O ministro tamb\u00e9m falou sobre a concess\u00e3o do Parque Nacional do Igua\u00e7u \u2013 cujo leil\u00e3o ser\u00e1 realizado nesta ter\u00e7a-feira (22) &#8211; e sobre cicloturismo. De acordo com Gilson Machado, ser\u00e1 lan\u00e7ado um edital para mapear prov\u00e1veis locais nos parques nacionais para trilhas de ciclo turismo.<\/p>\n<p>&nbsp;<\/p>\n<p>Fonte: Ag\u00eancia Brasil<\/p>\n","protected":false},"excerpt":{"rendered":"<p>O governo federal quer estimular o turismo n\u00e1utico no pa\u00eds. Para isso, lan\u00e7ou uma s\u00e9rie de medidas, entre elas, a elimina\u00e7\u00e3o do imposto para importa\u00e7\u00e3o&#8230;<\/p>\n","protected":false},"author":1527,"featured_media":8874,"comment_status":"closed","ping_status":"closed","sticky":false,"template":"","format":"standard","meta":{"footnotes":""},"categories":[6],"tags":[],"class_list":["post-38382","post","type-post","status-publish","format-standard","has-post-thumbnail","hentry","category-noticias"],"_links":{"self":[{"href":"https:\/\/www.sincomam.org.br\/index.php\/wp-json\/wp\/v2\/posts\/38382","targetHints":{"allow":["GET"]}}],"collection":[{"href":"https:\/\/www.sincomam.org.br\/index.php\/wp-json\/wp\/v2\/posts"}],"about":[{"href":"https:\/\/www.sincomam.org.br\/index.php\/wp-json\/wp\/v2\/types\/post"}],"author":[{"embeddable":true,"href":"https:\/\/www.sincomam.org.br\/index.php\/wp-json\/wp\/v2\/users\/1527"}],"replies":[{"embeddable":true,"href":"https:\/\/www.sincomam.org.br\/index.php\/wp-json\/wp\/v2\/comments?post=38382"}],"version-history":[{"count":1,"href":"https:\/\/www.sincomam.org.br\/index.php\/wp-json\/wp\/v2\/posts\/38382\/revisions"}],"predecessor-version":[{"id":38383,"href":"https:\/\/www.sincomam.org.br\/index.php\/wp-json\/wp\/v2\/posts\/38382\/revisions\/38383"}],"wp:featuredmedia":[{"embeddable":true,"href":"https:\/\/www.sincomam.org.br\/index.php\/wp-json\/wp\/v2\/media\/8874"}],"wp:attachment":[{"href":"https:\/\/www.sincomam.org.br\/index.php\/wp-json\/wp\/v2\/media?parent=38382"}],"wp:term":[{"taxonomy":"category","embeddable":true,"href":"https:\/\/www.sincomam.org.br\/index.php\/wp-json\/wp\/v2\/categories?post=38382"},{"taxonomy":"post_tag","embeddable":true,"href":"https:\/\/www.sincomam.org.br\/index.php\/wp-json\/wp\/v2\/tags?post=38382"}],"curies":[{"name":"wp","href":"https:\/\/api.w.org\/{rel}","templated":true}]}}