{"id":38376,"date":"2022-03-21T08:20:11","date_gmt":"2022-03-21T11:20:11","guid":{"rendered":"http:\/\/www.sincomam.org.br\/?p=38376"},"modified":"2022-03-21T08:20:11","modified_gmt":"2022-03-21T11:20:11","slug":"unindo-cultura-e-entretenimento-museu-maritimo-do-brasil-dara-visibilidade-a-historia-maritima-de-nosso-pais","status":"publish","type":"post","link":"https:\/\/www.sincomam.org.br\/index.php\/unindo-cultura-e-entretenimento-museu-maritimo-do-brasil-dara-visibilidade-a-historia-maritima-de-nosso-pais\/","title":{"rendered":"Unindo cultura e entretenimento, Museu Mar\u00edtimo do Brasil dar\u00e1 visibilidade \u00e0 hist\u00f3ria mar\u00edtima de nosso Pa\u00eds"},"content":{"rendered":"<p>Mirando em cultura, hist\u00f3ria, cidadania, acessibilidade, inclus\u00e3o e sustentabilidade, o futuro Museu Mar\u00edtimo do Brasil (MuMa) almeja oferecer ao p\u00fablico um entretenimento de qualidade, integrando a cidade e o mar. A ser constru\u00eddo no Espa\u00e7o Cultural da Marinha, no Centro do Rio de Janeiro (RJ), esse novo polo cultural dar\u00e1 maior visibilidade \u00e0 hist\u00f3ria mar\u00edtima e ao Poder Naval no Pa\u00eds, circunscrevendo a brasilidade como identidade e a multidisciplinaridade como discurso para provocar, desenvolver e difundir a consci\u00eancia mar\u00edtima em nossa sociedade. O MuMa ser\u00e1 o primeiro museu mar\u00edtimo p\u00fablico do Brasil e o terceiro do g\u00eanero da Am\u00e9rica Latina.<\/p>\n<p>O projeto, que est\u00e1 sendo coordenado pela Marinha do Brasil (MB), por meio da Diretoria do Patrim\u00f4nio Hist\u00f3rico e Documenta\u00e7\u00e3o da Marinha (DPHDM), em parceria com o Departamento Cultural do Abrigo do Marinheiro, est\u00e1 na fase de elabora\u00e7\u00e3o de um Projeto Executivo de Arquitetura e de Projetos T\u00e9cnicos Complementares para a sua constru\u00e7\u00e3o. Por meio desses projetos \u00e9 que ser\u00e3o definidos, de forma minuciosa, os par\u00e2metros arquitet\u00f4nicos e estruturais necess\u00e1rios para a realiza\u00e7\u00e3o da obra.<\/p>\n<p>A proposta arquitet\u00f4nica preliminar, vencedora do concurso realizado em meados de 2021, prev\u00ea a constru\u00e7\u00e3o de dois pr\u00e9dios. Um deles ficar\u00e1 pr\u00f3ximo ao passeio p\u00fablico, na vertical, e outro, no p\u00eder, na horizontal. No primeiro, com cinco andares, haver\u00e1 uma ampla \u00e1rea t\u00e9rrea para recepcionar o p\u00fablico. O local ter\u00e1 audit\u00f3rio, espa\u00e7o para recep\u00e7\u00e3o de escolas, \u00e1rea administrativa e restaurante panor\u00e2mico com vista para a Ba\u00eda de Guanabara. No segundo, onde efetivamente ficar\u00e1 o museu, a constru\u00e7\u00e3o sobre pilotis (t\u00e9rreo livre) contar\u00e1 com dois pavimentos, onde ser\u00e3o feitas as exposi\u00e7\u00f5es. <\/p>\n<p>De acordo com o diretor da DPHDM, Vice-Almirante Jos\u00e9 Carlos Mathias, o museu \u201c\u00e9 motivo de grande satisfa\u00e7\u00e3o para n\u00f3s, da Marinha, por destacar o nascedouro de nosso Pa\u00eds: o mar. O mesmo mar que revelou o Brasil ao mapa da hist\u00f3ria e por ele a hist\u00f3ria foi e continua sendo escrita; o mar pelo qual foi consolidado nosso processo de Independ\u00eancia. O mesmo mar de pescadores, que tiram dele o seu sustento; o mar das plataformas mar\u00edtimas de petr\u00f3leo, de nosso pr\u00e9-sal. O mesmo mar que abra\u00e7a a costa desse Pa\u00eds continental, atraindo turistas de todo o mundo em nossas prais; o mar que \u00e9 respons\u00e1vel por mais de 95% do nosso com\u00e9rcio exterior\u201d.<\/p>\n<p><strong>Concurso para a escolha do projeto<\/strong><br \/>\nEm 2021, a Marinha do Brasil promoveu um concurso p\u00fablico nacional para a escolha do estudo preliminar de arquitetura, que levasse em considera\u00e7\u00e3o a geografia e a hist\u00f3ria do local da constru\u00e7\u00e3o. Foram 191 inscritos de 17 estados brasileiros no certame, planejado e executado pelo Departamento do Rio de Janeiro do Instituto de Arquitetos do Brasil (IAB\/RJ). O Instituto Brasileiro de Museus (Ibram) tamb\u00e9m teve papel importante como incentivador da cria\u00e7\u00e3o e constru\u00e7\u00e3o do museu ao estimular a realiza\u00e7\u00e3o de concursos para a escolha do projeto arquitet\u00f4nico e da identidade visual desse empreendimento cultural.<\/p>\n<p>O projeto vencedor foi de Rodrigo Messina e sua equipe, uma parceria entre os escrit\u00f3rios Messina\/Rivas Arquitetura, de S\u00e3o Paulo (SP), e Ben-Avid Studio, de C\u00f3rdoba, na Argentina. Os arquitetos e urbanistas Messina, Francisco Rivas e Martin Benavidez desenvolveram as ideias em conjunto com uma equipe formada pelos colaboradores Stefan\u00eda Casarin, Alen Gomez, Emanuel Fara, Franco Fara e Facundo Rasch.<\/p>\n<p>Para Rodrigo Messina, o museu ser\u00e1 um espa\u00e7o de encontros. \u201cA sociedade pode esperar um espa\u00e7o que revele hospitalidade e encontro com o outro, bem como a conviv\u00eancia socioambiental necess\u00e1ria com a cidade do Rio de Janeiro\u201d, afirmou.<\/p>\n<p>Na opini\u00e3o de Rivas, o projeto foi desafiador. \u201cEst\u00e1 clara a responsabilidade institucional, educacional, econ\u00f4mica, sociocultural e ambiental que a constru\u00e7\u00e3o desse espa\u00e7o exige. Mas a atividade da arquitetura, enquanto modo peculiar de conhecimento capaz de articular uma s\u00e9rie de saberes por meio da t\u00e9cnica e constru\u00e7\u00e3o, procura responder \u2014 n\u00e3o sem antes convocar a imagina\u00e7\u00e3o \u2014 a esse desafio\u201d, pontuou.<\/p>\n<p>Para o Presidente do IAB-RJ, o arquiteto e urbanista Igor de Vetyemy, o projeto vencedor, al\u00e9m de cumprir as especificidades exigidas, destacou-se das demais propostas arquitet\u00f4nicas por oferecer, entre outras particularidades, um percurso que possibilita a cada visitante adquirir conhecimentos n\u00e3o apenas sobre os objetos expostos, mas sobre o espa\u00e7o onde o museu estar\u00e1 inserido. <\/p>\n<p>Vetyemy detalha os espa\u00e7os do novo museu: \u201cPrimeiro, o visitante vislumbra ao longe o museu emoldurando o molhe hist\u00f3rico, como se flutuasse sobre ele. Depois, o percurso convida-o a atravessar uma ponte de acesso que mimetiza a experi\u00eancia da entrada em grandes embarca\u00e7\u00f5es pelo seu casco. Atravessando o sal\u00e3o, uma circula\u00e7\u00e3o se coloca externa a ele e, s\u00f3 ent\u00e3o, \u00e9 poss\u00edvel voltar a ter contato com o horizonte mar\u00edtimo, atrav\u00e9s de janelas redondas que se assemelham a vigias n\u00e1uticas. Ao final, esse percurso convida a um passeio livre sobre o molhe, com um bar na ponta que promete uma das mais belas vistas do Rio de Janeiro.\u201d<\/p>\n<p>O grande diferencial em rela\u00e7\u00e3o aos demais museus, cujas tem\u00e1ticas s\u00e3o relacionadas ao mar, \u00e9 que o MuMa reunir\u00e1 v\u00e1rias perspectivas sobre a cultura mar\u00edtima, explica o Presidente do Ibram, Pedro Machado Mastrobuono. \u201cAl\u00e9m do acervo hist\u00f3rico e documental pertencente \u00e0 Marinha, o museu contar\u00e1 com acervos de ci\u00eancia, tecnologia e arte, que pretendem apresentar ao p\u00fablico a biodiversidade marinha da costa brasileira, tratar sobre quest\u00f5es para a sua preserva\u00e7\u00e3o, e abordar diferentes aspectos da atividade econ\u00f4mica e social em torno do mar.\u201d<\/p>\n<p><strong>Desafios do MuMa<\/strong><br \/>\nO principal desafio, segundo explica o diretor da DPHDM, Vice-Almirante Mathias, \u00e9 financeiro, visto que um museu desse porte demanda elevada soma de recursos para sua execu\u00e7\u00e3o. \u201cAt\u00e9 aqui, j\u00e1 obtivemos \u00eaxito em dois grandes desafios. O primeiro deles, em novembro de 2020, com a conclus\u00e3o das obras de recupera\u00e7\u00e3o das funda\u00e7\u00f5es do p\u00eder do Espa\u00e7o Cultural da Marinha, local das futuras instala\u00e7\u00f5es do Museu Mar\u00edtimo do Brasil. O segundo, a realiza\u00e7\u00e3o do Concurso P\u00fablico de Estudos Preliminares de Arquitetura, em 2021\u201d, comemorou. <\/p>\n<p>Ele ainda assinalou qual \u00e9 o foco atual do Projeto Museu Mar\u00edtimo do Brasil: \u201cCientes da relev\u00e2ncia do Projeto Executivo de Arquitetura e dos Projetos T\u00e9cnicos Complementares, envidaremos esfor\u00e7os, em 2022, para captar recursos que viabilizem sua execu\u00e7\u00e3o por interm\u00e9dio do programa de mecenato \u2018Patronos da Cultura Naval\u2019. Seja por meio de leis de incentivo fiscal ou de patroc\u00ednios diretos, buscamos reunir parceiros que, como n\u00f3s, entendem o papel de protagonismo da cultura.\u201d<\/p>\n<p>Explicou tamb\u00e9m que ter um projeto arquitet\u00f4nico, ainda que preliminar, ajuda os envolvidos a vislumbrar as possibilidades e potencialidades do futuro museu, cujo in\u00edcio da constru\u00e7\u00e3o est\u00e1 previsto para 2024. \u201cTorna-o mais tang\u00edvel num horizonte pr\u00f3ximo e injeta \u00e2nimo em nossos profissionais, da DPHDM e do Departamento Cultural do Abrigo do Marinheiro, para angariar investimentos que viabilizar\u00e3o sua constru\u00e7\u00e3o, bem como na coordena\u00e7\u00e3o e realiza\u00e7\u00e3o das diferentes etapas do projeto\u201d, avaliou o diretor.<\/p>\n<p>Fonte: Ag\u00eancia Marinha de Not\u00edcias<\/p>\n","protected":false},"excerpt":{"rendered":"<p>Mirando em cultura, hist\u00f3ria, cidadania, acessibilidade, inclus\u00e3o e sustentabilidade, o futuro Museu Mar\u00edtimo do Brasil (MuMa) almeja oferecer ao p\u00fablico um entretenimento de qualidade, integrando&#8230;<\/p>\n","protected":false},"author":1527,"featured_media":38377,"comment_status":"closed","ping_status":"closed","sticky":false,"template":"","format":"standard","meta":{"footnotes":""},"categories":[6],"tags":[],"class_list":["post-38376","post","type-post","status-publish","format-standard","has-post-thumbnail","hentry","category-noticias"],"_links":{"self":[{"href":"https:\/\/www.sincomam.org.br\/index.php\/wp-json\/wp\/v2\/posts\/38376","targetHints":{"allow":["GET"]}}],"collection":[{"href":"https:\/\/www.sincomam.org.br\/index.php\/wp-json\/wp\/v2\/posts"}],"about":[{"href":"https:\/\/www.sincomam.org.br\/index.php\/wp-json\/wp\/v2\/types\/post"}],"author":[{"embeddable":true,"href":"https:\/\/www.sincomam.org.br\/index.php\/wp-json\/wp\/v2\/users\/1527"}],"replies":[{"embeddable":true,"href":"https:\/\/www.sincomam.org.br\/index.php\/wp-json\/wp\/v2\/comments?post=38376"}],"version-history":[{"count":2,"href":"https:\/\/www.sincomam.org.br\/index.php\/wp-json\/wp\/v2\/posts\/38376\/revisions"}],"predecessor-version":[{"id":38379,"href":"https:\/\/www.sincomam.org.br\/index.php\/wp-json\/wp\/v2\/posts\/38376\/revisions\/38379"}],"wp:featuredmedia":[{"embeddable":true,"href":"https:\/\/www.sincomam.org.br\/index.php\/wp-json\/wp\/v2\/media\/38377"}],"wp:attachment":[{"href":"https:\/\/www.sincomam.org.br\/index.php\/wp-json\/wp\/v2\/media?parent=38376"}],"wp:term":[{"taxonomy":"category","embeddable":true,"href":"https:\/\/www.sincomam.org.br\/index.php\/wp-json\/wp\/v2\/categories?post=38376"},{"taxonomy":"post_tag","embeddable":true,"href":"https:\/\/www.sincomam.org.br\/index.php\/wp-json\/wp\/v2\/tags?post=38376"}],"curies":[{"name":"wp","href":"https:\/\/api.w.org\/{rel}","templated":true}]}}