{"id":38372,"date":"2022-03-21T08:16:33","date_gmt":"2022-03-21T11:16:33","guid":{"rendered":"http:\/\/www.sincomam.org.br\/?p=38372"},"modified":"2022-03-21T08:16:58","modified_gmt":"2022-03-21T11:16:58","slug":"operacao-conjunta-entre-a-marinha-e-a-policia-federal-apreende-embarcacao-com-carga-contrabandeada-na-costa-da-bahia","status":"publish","type":"post","link":"https:\/\/www.sincomam.org.br\/index.php\/operacao-conjunta-entre-a-marinha-e-a-policia-federal-apreende-embarcacao-com-carga-contrabandeada-na-costa-da-bahia\/","title":{"rendered":"Opera\u00e7\u00e3o conjunta entre a Marinha e a Pol\u00edcia Federal apreende embarca\u00e7\u00e3o com carga contrabandeada na costa da Bahia"},"content":{"rendered":"<p>Em 15 de mar\u00e7o, em opera\u00e7\u00e3o conjunta com a Pol\u00edcia Federal, a Corveta \u201cCaboclo\u201d, meio naval subordinado ao Comando do Grupamento de Patrulha Naval do Leste (ComGPNEST), apreendeu, em alto-mar na costa da Bahia, uma embarca\u00e7\u00e3o de nome \u201cGato\u201d, que transportava uma carga de contrabando de cigarro estimada em, aproximadamente, 90 toneladas.<\/p>\n<p>Embarcados na Corveta \u201cCaboclo\u201d, policiais federais do N\u00facleo Especial de Pol\u00edcia Mar\u00edtima escoltaram a embarca\u00e7\u00e3o at\u00e9 o Porto de Salvador, chegando ao local na manh\u00e3 do dia 16 de mar\u00e7o.<\/p>\n<p>No interior da embarca\u00e7\u00e3o, encontrava-se uma tripula\u00e7\u00e3o de seis pessoas, que foram conduzidas para a Superintend\u00eancia Regional da Pol\u00edcia Federal, na Bahia, para prestar esclarecimentos.<\/p>\n<p>A a\u00e7\u00e3o, que tamb\u00e9m contou com o apoio da For\u00e7a A\u00e9rea Brasileira, por meio de esclarecimento a\u00e9reo, foi realizada dentro do escopo da Opera\u00e7\u00e3o \u201c\u00c1gata\u201d, demonstrando a import\u00e2ncia da intera\u00e7\u00e3o da Marinha e outros \u00f3rg\u00e3os para o monitoramento e controle dos 5,7 milh\u00f5es de quil\u00f4metros quadrados de \u00e1guas jurisdicionais brasileiras, que comp\u00f5em a Amaz\u00f4nia Azul.<\/p>\n<p>Fonte: Defesa em Foco<\/p>\n","protected":false},"excerpt":{"rendered":"<p>Em 15 de mar\u00e7o, em opera\u00e7\u00e3o conjunta com a Pol\u00edcia Federal, a Corveta \u201cCaboclo\u201d, meio naval subordinado ao Comando do Grupamento de Patrulha Naval do&#8230;<\/p>\n","protected":false},"author":1527,"featured_media":38373,"comment_status":"closed","ping_status":"closed","sticky":false,"template":"","format":"standard","meta":{"footnotes":""},"categories":[6],"tags":[],"class_list":["post-38372","post","type-post","status-publish","format-standard","has-post-thumbnail","hentry","category-noticias"],"_links":{"self":[{"href":"https:\/\/www.sincomam.org.br\/index.php\/wp-json\/wp\/v2\/posts\/38372","targetHints":{"allow":["GET"]}}],"collection":[{"href":"https:\/\/www.sincomam.org.br\/index.php\/wp-json\/wp\/v2\/posts"}],"about":[{"href":"https:\/\/www.sincomam.org.br\/index.php\/wp-json\/wp\/v2\/types\/post"}],"author":[{"embeddable":true,"href":"https:\/\/www.sincomam.org.br\/index.php\/wp-json\/wp\/v2\/users\/1527"}],"replies":[{"embeddable":true,"href":"https:\/\/www.sincomam.org.br\/index.php\/wp-json\/wp\/v2\/comments?post=38372"}],"version-history":[{"count":2,"href":"https:\/\/www.sincomam.org.br\/index.php\/wp-json\/wp\/v2\/posts\/38372\/revisions"}],"predecessor-version":[{"id":38375,"href":"https:\/\/www.sincomam.org.br\/index.php\/wp-json\/wp\/v2\/posts\/38372\/revisions\/38375"}],"wp:featuredmedia":[{"embeddable":true,"href":"https:\/\/www.sincomam.org.br\/index.php\/wp-json\/wp\/v2\/media\/38373"}],"wp:attachment":[{"href":"https:\/\/www.sincomam.org.br\/index.php\/wp-json\/wp\/v2\/media?parent=38372"}],"wp:term":[{"taxonomy":"category","embeddable":true,"href":"https:\/\/www.sincomam.org.br\/index.php\/wp-json\/wp\/v2\/categories?post=38372"},{"taxonomy":"post_tag","embeddable":true,"href":"https:\/\/www.sincomam.org.br\/index.php\/wp-json\/wp\/v2\/tags?post=38372"}],"curies":[{"name":"wp","href":"https:\/\/api.w.org\/{rel}","templated":true}]}}