{"id":38369,"date":"2022-03-21T08:14:22","date_gmt":"2022-03-21T11:14:22","guid":{"rendered":"http:\/\/www.sincomam.org.br\/?p=38369"},"modified":"2022-03-21T08:14:22","modified_gmt":"2022-03-21T11:14:22","slug":"concurso-da-amazul-atrai-9-897-candidatos","status":"publish","type":"post","link":"https:\/\/www.sincomam.org.br\/index.php\/concurso-da-amazul-atrai-9-897-candidatos\/","title":{"rendered":"Concurso da Amazul atrai 9.897 candidatos"},"content":{"rendered":"<p>O concurso da Amaz\u00f4nia Azul Tecnologias de Defesa S.A. (Amazul), estatal vinculada ao Minist\u00e9rio da Defesa, por meio do Comando da Marinha, recebeu a inscri\u00e7\u00e3o de 9.897 candidatos. O cronograma do concurso prev\u00ea divulga\u00e7\u00e3o dos locais de prova no dia 23 de mar\u00e7o e aplica\u00e7\u00e3o no dia 27 de mar\u00e7o.<br \/>\nSegundo o Instituto Selecon, organizador do concurso, o cargo de assistente administrativo, de n\u00edvel m\u00e9dio, atraiu o maior n\u00famero de candidatos: 1.453. Entre os cargos de n\u00edvel superior com maior n\u00famero de inscri\u00e7\u00f5es est\u00e3o: engenheiro mec\u00e2nico (1.112), engenheiro de produ\u00e7\u00e3o (681), engenheiro qu\u00edmico (551), analista de administra\u00e7\u00e3o (473) e engenheiro eletricista (465).<br \/>\nO concurso, cujas inscri\u00e7\u00f5es estiveram abertas de 29 de janeiro a 6 de mar\u00e7o, oferece 140 vagas imediatas, al\u00e9m da forma\u00e7\u00e3o de cadastro de reserva em cargos de n\u00edveis m\u00e9dio, t\u00e9cnico e superior. As vagas s\u00e3o para trabalhar nas unidades do Estado de S\u00e3o Paulo e Rio de Janeiro.<br \/>\nO concurso ter\u00e1 prova objetiva, discursiva (reda\u00e7\u00e3o) e avalia\u00e7\u00e3o de t\u00edtulos. As provas ser\u00e3o aplicadas nas cidades de S\u00e3o Paulo e Rio de Janeiro, de acordo com o cargo.<br \/>\nO edital n\u00ba 01\/2022, seus anexos e retifica\u00e7\u00f5es est\u00e3o publicados no site da Amazul e no site da Selecon pelos links:<br \/>\nSite da Amazul \u2013 <a href=\"https:\/\/amazul.mar.mil.br\/pessoas\/concursos\/editais\/2022\">https:\/\/amazul.mar.mil.br\/pessoas\/concursos\/editais\/2022<\/a><br \/>\nSelecon \u2013 <a href=\"https:\/\/selecon.com.br\/concursos\/amazul-2022-rj-sp\/#geral-infoamz001\">https:\/\/selecon.com.br\/concursos\/amazul-2022-rj-sp\/#geral-infoamz001<\/a><\/p>\n<p>Fonte: Defesa em Foco<\/p>\n","protected":false},"excerpt":{"rendered":"<p>O concurso da Amaz\u00f4nia Azul Tecnologias de Defesa S.A. (Amazul), estatal vinculada ao Minist\u00e9rio da Defesa, por meio do Comando da Marinha, recebeu a inscri\u00e7\u00e3o&#8230;<\/p>\n","protected":false},"author":1527,"featured_media":38370,"comment_status":"closed","ping_status":"closed","sticky":false,"template":"","format":"standard","meta":{"footnotes":""},"categories":[6],"tags":[],"class_list":["post-38369","post","type-post","status-publish","format-standard","has-post-thumbnail","hentry","category-noticias"],"_links":{"self":[{"href":"https:\/\/www.sincomam.org.br\/index.php\/wp-json\/wp\/v2\/posts\/38369","targetHints":{"allow":["GET"]}}],"collection":[{"href":"https:\/\/www.sincomam.org.br\/index.php\/wp-json\/wp\/v2\/posts"}],"about":[{"href":"https:\/\/www.sincomam.org.br\/index.php\/wp-json\/wp\/v2\/types\/post"}],"author":[{"embeddable":true,"href":"https:\/\/www.sincomam.org.br\/index.php\/wp-json\/wp\/v2\/users\/1527"}],"replies":[{"embeddable":true,"href":"https:\/\/www.sincomam.org.br\/index.php\/wp-json\/wp\/v2\/comments?post=38369"}],"version-history":[{"count":1,"href":"https:\/\/www.sincomam.org.br\/index.php\/wp-json\/wp\/v2\/posts\/38369\/revisions"}],"predecessor-version":[{"id":38371,"href":"https:\/\/www.sincomam.org.br\/index.php\/wp-json\/wp\/v2\/posts\/38369\/revisions\/38371"}],"wp:featuredmedia":[{"embeddable":true,"href":"https:\/\/www.sincomam.org.br\/index.php\/wp-json\/wp\/v2\/media\/38370"}],"wp:attachment":[{"href":"https:\/\/www.sincomam.org.br\/index.php\/wp-json\/wp\/v2\/media?parent=38369"}],"wp:term":[{"taxonomy":"category","embeddable":true,"href":"https:\/\/www.sincomam.org.br\/index.php\/wp-json\/wp\/v2\/categories?post=38369"},{"taxonomy":"post_tag","embeddable":true,"href":"https:\/\/www.sincomam.org.br\/index.php\/wp-json\/wp\/v2\/tags?post=38369"}],"curies":[{"name":"wp","href":"https:\/\/api.w.org\/{rel}","templated":true}]}}