{"id":38353,"date":"2022-03-18T10:22:17","date_gmt":"2022-03-18T13:22:17","guid":{"rendered":"http:\/\/www.sincomam.org.br\/?p=38353"},"modified":"2022-03-18T10:22:17","modified_gmt":"2022-03-18T13:22:17","slug":"estaleiro-caneco-e-arrematado-em-leilao-por-r-96-milhoes-e-sera-transformado-em-polo-pesqueiro-e-industrial","status":"publish","type":"post","link":"https:\/\/www.sincomam.org.br\/index.php\/estaleiro-caneco-e-arrematado-em-leilao-por-r-96-milhoes-e-sera-transformado-em-polo-pesqueiro-e-industrial\/","title":{"rendered":"Estaleiro Caneco \u00e9 arrematado em leil\u00e3o por R$ 96 milh\u00f5es e ser\u00e1 transformado em polo pesqueiro e industrial"},"content":{"rendered":"<p>O governo do Rio arrematou por R$ 96 milh\u00f5es a \u00e1rea do estaleiro Caneco, no bairro do Caju, regi\u00e3o portu\u00e1ria do Rio de Janeiro. O objetivo \u00e9 implementar um complexo pesqueiro e um condom\u00ednio industrial no local. O leil\u00e3o foi realizado na tarde da \u00faltima quarta-feira e a \u00e1rea foi arrematada por 50% do valor inicial proposto, de R$ 192 milh\u00f5es.<\/p>\n<p>O governador Cl\u00e1udio Castro destacou que a economia do mar faz parte do DNA do Estado do Rio, que j\u00e1 ocupou o primeiro lugar na pesca extrativa marinha. Ele lembra ainda que o estado tem o terceiro litoral mais extenso do pa\u00eds e \u00e9 o principal consumidor de pescado.<\/p>\n<p>\u2014 Vamos recuperar o protagonismo desse importante setor da economia, que gera tantos empregos para a popula\u00e7\u00e3o fluminense \u2013 enfatizou Castro.<\/p>\n<p><strong>Atra\u00e7\u00e3o de empresas<\/strong><br \/>\nCom 135 mil metros quadrados, o estaleiro Caneco foi fundado em 1886 e foi um dos principais do pa\u00eds desde o in\u00edcio da ind\u00fastria de constru\u00e7\u00e3o naval.<\/p>\n<p>O espa\u00e7o tinha capacidade para construir navios de at\u00e9 2.500 toneladas e ainda contava com uma ponte rolante com capacidade para levantar at\u00e9 5.000 toneladas. Agora, o espa\u00e7o ser\u00e1 voltado para a ind\u00fastria pesqueira do estado.<\/p>\n<p>A localiza\u00e7\u00e3o do estaleiro \u00e9 avaliada como estrat\u00e9gica pelo governo. Fica pr\u00f3ximo \u00e0 ponte Rio-Niter\u00f3i, a rodovias importantes e a um dos portos mais competitivos do pa\u00eds para distribui\u00e7\u00e3o de cargas para os Estados Unidos e Europa.<\/p>\n<p>Tamb\u00e9m possui amplo cais para atraca\u00e7\u00e3o de embarca\u00e7\u00f5es e descarga de pescado, al\u00e9m de galp\u00e3o que comporta a comercializa\u00e7\u00e3o dos peixes e mariscos.<\/p>\n<p><strong>Economia do mar<\/strong><br \/>\nA aquisi\u00e7\u00e3o da \u00e1rea do estaleiro est\u00e1 associada com as iniciativas do governo fluminense em prol do setor pesqueiro.<\/p>\n<p>O estado instituiu no ano passado a Comiss\u00e3o de Desenvolvimento da Economia do Mar (Cedemar), que cria a pol\u00edtica estadual de incentivo \u00e0 economia do mar como estrat\u00e9gia de desenvolvimento socioecon\u00f4mico do Rio de Janeiro.<\/p>\n<p>Aprovada neste ano, a lei estadual n\u00ba 9,545\/2022 tamb\u00e9m disp\u00f5e sobre a implanta\u00e7\u00e3o do Complexo Pesqueiro do Estado do Rio de Janeiro e autoriza o estado a buscar parcerias p\u00fablico-privadas para a realiza\u00e7\u00e3o do empreendimento.<\/p>\n<p>Fonte: O Globo<\/p>\n","protected":false},"excerpt":{"rendered":"<p>O governo do Rio arrematou por R$ 96 milh\u00f5es a \u00e1rea do estaleiro Caneco, no bairro do Caju, regi\u00e3o portu\u00e1ria do Rio de Janeiro. O&#8230;<\/p>\n","protected":false},"author":1527,"featured_media":38354,"comment_status":"closed","ping_status":"closed","sticky":false,"template":"","format":"standard","meta":{"footnotes":""},"categories":[6],"tags":[],"class_list":["post-38353","post","type-post","status-publish","format-standard","has-post-thumbnail","hentry","category-noticias"],"_links":{"self":[{"href":"https:\/\/www.sincomam.org.br\/index.php\/wp-json\/wp\/v2\/posts\/38353","targetHints":{"allow":["GET"]}}],"collection":[{"href":"https:\/\/www.sincomam.org.br\/index.php\/wp-json\/wp\/v2\/posts"}],"about":[{"href":"https:\/\/www.sincomam.org.br\/index.php\/wp-json\/wp\/v2\/types\/post"}],"author":[{"embeddable":true,"href":"https:\/\/www.sincomam.org.br\/index.php\/wp-json\/wp\/v2\/users\/1527"}],"replies":[{"embeddable":true,"href":"https:\/\/www.sincomam.org.br\/index.php\/wp-json\/wp\/v2\/comments?post=38353"}],"version-history":[{"count":1,"href":"https:\/\/www.sincomam.org.br\/index.php\/wp-json\/wp\/v2\/posts\/38353\/revisions"}],"predecessor-version":[{"id":38355,"href":"https:\/\/www.sincomam.org.br\/index.php\/wp-json\/wp\/v2\/posts\/38353\/revisions\/38355"}],"wp:featuredmedia":[{"embeddable":true,"href":"https:\/\/www.sincomam.org.br\/index.php\/wp-json\/wp\/v2\/media\/38354"}],"wp:attachment":[{"href":"https:\/\/www.sincomam.org.br\/index.php\/wp-json\/wp\/v2\/media?parent=38353"}],"wp:term":[{"taxonomy":"category","embeddable":true,"href":"https:\/\/www.sincomam.org.br\/index.php\/wp-json\/wp\/v2\/categories?post=38353"},{"taxonomy":"post_tag","embeddable":true,"href":"https:\/\/www.sincomam.org.br\/index.php\/wp-json\/wp\/v2\/tags?post=38353"}],"curies":[{"name":"wp","href":"https:\/\/api.w.org\/{rel}","templated":true}]}}