{"id":38325,"date":"2022-03-17T09:21:24","date_gmt":"2022-03-17T12:21:24","guid":{"rendered":"http:\/\/www.sincomam.org.br\/?p=38325"},"modified":"2022-03-17T09:21:24","modified_gmt":"2022-03-17T12:21:24","slug":"abertura-da-26a-edicao-da-intermodal-south-america-discute-importancia-de-pais-investir-na-multimodalidade-de-transportes","status":"publish","type":"post","link":"https:\/\/www.sincomam.org.br\/index.php\/abertura-da-26a-edicao-da-intermodal-south-america-discute-importancia-de-pais-investir-na-multimodalidade-de-transportes\/","title":{"rendered":"ABERTURA DA 26\u00aa EDI\u00c7\u00c3O DA INTERMODAL SOUTH AMERICA DISCUTE IMPORT\u00c2NCIA DE PA\u00cdS INVESTIR NA MULTIMODALIDADE DE TRANSPORTES"},"content":{"rendered":"<p>Depois de dois anos, o principal encontro da Am\u00e9rica Latina para os setores log\u00edstico, intralog\u00edsco de transporte de cargas multimodal e de tecnologia associada ao transporte abriu nesta segunda-feira no S\u00e3o Paul Expo Center Norte: a  26\u00aa Intermodal South Am\u00e9rica. Na cerim\u00f4nia de abertura, os participantes destacaram a import\u00e2ncia do investimento na infraestrutura ferrovi\u00e1ria do pa\u00eds, como novo vetor de transporte de cargas. Segundo eles, hoje no Brasil mais de 65% da carga transporta \u00e9 rodovi\u00e1ria.<\/p>\n<p>Essa depend\u00eancia do modal, deixa o pa\u00eds ref\u00e9m do petr\u00f3leo e uma crise pode inviabilizar a economia. Para o presidente do Sindicato Interestadual da Ind\u00fastria de Materiais e Equipamentos Ferrovi\u00e1rios e Rodovi\u00e1rios (Simefre), o empres\u00e1rio e Jose Antonio Fernandes Martins o pa\u00eds precisa investir no setor ferrovi\u00e1rio. Al\u00e9m da cerim\u00f4nia de abertura o primeiro dia da Intermodal foi marcado pela presen\u00e7a maci\u00e7a de visitantes nos estantes.<\/p>\n<p>At\u00e9 o dia 17, a Intermodal re\u00fane as \u00faltimas novidades em produtos e servi\u00e7os para todos os elos da cadeia log\u00edstica, os mais relevantes debates do setor no pa\u00eds na atualidade e uma grade de programa\u00e7\u00e3o completa: estes s\u00e3o alguns dos principais destaques que marcam a realiza\u00e7\u00e3o da primeira edi\u00e7\u00e3o totalmente h\u00edbrida da Intermodal na hist\u00f3ria (nos formatos f\u00edsico e digital de forma simult\u00e2nea).<\/p>\n","protected":false},"excerpt":{"rendered":"<p>Depois de dois anos, o principal encontro da Am\u00e9rica Latina para os setores log\u00edstico, intralog\u00edsco de transporte de cargas multimodal e de tecnologia associada ao&#8230;<\/p>\n","protected":false},"author":1527,"featured_media":38326,"comment_status":"closed","ping_status":"closed","sticky":false,"template":"","format":"standard","meta":{"footnotes":""},"categories":[6],"tags":[],"class_list":["post-38325","post","type-post","status-publish","format-standard","has-post-thumbnail","hentry","category-noticias"],"_links":{"self":[{"href":"https:\/\/www.sincomam.org.br\/index.php\/wp-json\/wp\/v2\/posts\/38325","targetHints":{"allow":["GET"]}}],"collection":[{"href":"https:\/\/www.sincomam.org.br\/index.php\/wp-json\/wp\/v2\/posts"}],"about":[{"href":"https:\/\/www.sincomam.org.br\/index.php\/wp-json\/wp\/v2\/types\/post"}],"author":[{"embeddable":true,"href":"https:\/\/www.sincomam.org.br\/index.php\/wp-json\/wp\/v2\/users\/1527"}],"replies":[{"embeddable":true,"href":"https:\/\/www.sincomam.org.br\/index.php\/wp-json\/wp\/v2\/comments?post=38325"}],"version-history":[{"count":1,"href":"https:\/\/www.sincomam.org.br\/index.php\/wp-json\/wp\/v2\/posts\/38325\/revisions"}],"predecessor-version":[{"id":38327,"href":"https:\/\/www.sincomam.org.br\/index.php\/wp-json\/wp\/v2\/posts\/38325\/revisions\/38327"}],"wp:featuredmedia":[{"embeddable":true,"href":"https:\/\/www.sincomam.org.br\/index.php\/wp-json\/wp\/v2\/media\/38326"}],"wp:attachment":[{"href":"https:\/\/www.sincomam.org.br\/index.php\/wp-json\/wp\/v2\/media?parent=38325"}],"wp:term":[{"taxonomy":"category","embeddable":true,"href":"https:\/\/www.sincomam.org.br\/index.php\/wp-json\/wp\/v2\/categories?post=38325"},{"taxonomy":"post_tag","embeddable":true,"href":"https:\/\/www.sincomam.org.br\/index.php\/wp-json\/wp\/v2\/tags?post=38325"}],"curies":[{"name":"wp","href":"https:\/\/api.w.org\/{rel}","templated":true}]}}