{"id":38319,"date":"2022-03-17T09:11:40","date_gmt":"2022-03-17T12:11:40","guid":{"rendered":"http:\/\/www.sincomam.org.br\/?p=38319"},"modified":"2022-03-17T09:11:40","modified_gmt":"2022-03-17T12:11:40","slug":"porto-do-acu-anuncia-novo-patio-de-armazenagem-em-parceria-com-o-grupo-minas-gusa","status":"publish","type":"post","link":"https:\/\/www.sincomam.org.br\/index.php\/porto-do-acu-anuncia-novo-patio-de-armazenagem-em-parceria-com-o-grupo-minas-gusa\/","title":{"rendered":"Porto do A\u00e7u anuncia novo p\u00e1tio de armazenagem em parceria com o Grupo Minas Gusa"},"content":{"rendered":"<p>O Porto do A\u00e7u anunciou nesta quarta-feira (16) que ter\u00e1 um novo p\u00e1tio para armazenagem de gran\u00e9is s\u00f3lidos. A estrutura, com \u00e1rea de 35 mil m\u00b2, ser\u00e1 instalada pela Minas Gusa ao lado do Terminal Multicargas (T-Mult) com foco na importa\u00e7\u00e3o de combust\u00edveis s\u00f3lidos para as ind\u00fastrias sider\u00fargica e cimenteira.<\/p>\n<p>A Minas Gusa ficar\u00e1 respons\u00e1vel pelo investimento e gest\u00e3o do p\u00e1tio, com a opera\u00e7\u00e3o portu\u00e1ria sendo realizada pelo T-Mult no modelo de descarga direta. O contrato prev\u00ea a movimenta\u00e7\u00e3o de 300 mil toneladas\/ano pelos pr\u00f3ximos dez anos e a expectativa \u00e9 de que o p\u00e1tio entre em opera\u00e7\u00e3o no primeiro semestre de 2023.<\/p>\n<p>\u201cAl\u00e9m das importa\u00e7\u00f5es de combust\u00edveis s\u00f3lidos, a estrutura tamb\u00e9m possui potencial para a exporta\u00e7\u00e3o de min\u00e9rio de ferro e produtos semiacabados, como a ferro gusa, otimizando a efici\u00eancia do fluxo log\u00edstico no futuro. Esse contrato j\u00e1 demonstra o potencial do A\u00e7u e a necessidade de expans\u00e3o do T-MULT, por conta do aumento de clientes que buscam um terminal sem filas e eficiente\u201d, explica Jo\u00e3o Braz, diretor de Terminais e Log\u00edstica do Porto do A\u00e7u.<\/p>\n<p>Para atender \u00e0 crescente demanda do terminal, h\u00e1 planos para amplia\u00e7\u00e3o imediata da retro\u00e1rea com constru\u00e7\u00e3o de p\u00e1tio de gran\u00e9is, p\u00e1tio dedicado para cargas gerais e p\u00e1tio de cont\u00eaineres, al\u00e9m de novos galp\u00f5es permanentes dedicados para armazenagem. Atualmente, o terminal possui 360 metros de cais acost\u00e1vel (que podem ser expandidos para 500 metros).<\/p>\n<p>O T-Mult fechou o ano de 2021 com um aumento de 127% em suas opera\u00e7\u00f5es em rela\u00e7\u00e3o ao ano anterior e com mais quatro novos clientes, totalizando 40 em seu portf\u00f3lio. O volume movimentado mais do que duplicou, levando a um ano recorde: foram movimentadas 1,5 milh\u00e3o de toneladas de cargas graneis e carga geral, inclusive com novas opera\u00e7\u00f5es de exporta\u00e7\u00e3o de concentrado de cobre e de l\u00edtio para atender aos mercados do Sudeste e Centro-Oeste do pa\u00eds. Desde o in\u00edcio das opera\u00e7\u00f5es do terminal, em 2016, j\u00e1 s\u00e3o contabilizadas 4,3 milh\u00f5es de toneladas movimentadas, com crescimento anual m\u00e9dio de 55%.<\/p>\n<p>Fonte: Portos e Navios<\/p>\n","protected":false},"excerpt":{"rendered":"<p>O Porto do A\u00e7u anunciou nesta quarta-feira (16) que ter\u00e1 um novo p\u00e1tio para armazenagem de gran\u00e9is s\u00f3lidos. A estrutura, com \u00e1rea de 35 mil&#8230;<\/p>\n","protected":false},"author":1527,"featured_media":38320,"comment_status":"closed","ping_status":"closed","sticky":false,"template":"","format":"standard","meta":{"footnotes":""},"categories":[6],"tags":[],"class_list":["post-38319","post","type-post","status-publish","format-standard","has-post-thumbnail","hentry","category-noticias"],"_links":{"self":[{"href":"https:\/\/www.sincomam.org.br\/index.php\/wp-json\/wp\/v2\/posts\/38319","targetHints":{"allow":["GET"]}}],"collection":[{"href":"https:\/\/www.sincomam.org.br\/index.php\/wp-json\/wp\/v2\/posts"}],"about":[{"href":"https:\/\/www.sincomam.org.br\/index.php\/wp-json\/wp\/v2\/types\/post"}],"author":[{"embeddable":true,"href":"https:\/\/www.sincomam.org.br\/index.php\/wp-json\/wp\/v2\/users\/1527"}],"replies":[{"embeddable":true,"href":"https:\/\/www.sincomam.org.br\/index.php\/wp-json\/wp\/v2\/comments?post=38319"}],"version-history":[{"count":1,"href":"https:\/\/www.sincomam.org.br\/index.php\/wp-json\/wp\/v2\/posts\/38319\/revisions"}],"predecessor-version":[{"id":38321,"href":"https:\/\/www.sincomam.org.br\/index.php\/wp-json\/wp\/v2\/posts\/38319\/revisions\/38321"}],"wp:featuredmedia":[{"embeddable":true,"href":"https:\/\/www.sincomam.org.br\/index.php\/wp-json\/wp\/v2\/media\/38320"}],"wp:attachment":[{"href":"https:\/\/www.sincomam.org.br\/index.php\/wp-json\/wp\/v2\/media?parent=38319"}],"wp:term":[{"taxonomy":"category","embeddable":true,"href":"https:\/\/www.sincomam.org.br\/index.php\/wp-json\/wp\/v2\/categories?post=38319"},{"taxonomy":"post_tag","embeddable":true,"href":"https:\/\/www.sincomam.org.br\/index.php\/wp-json\/wp\/v2\/tags?post=38319"}],"curies":[{"name":"wp","href":"https:\/\/api.w.org\/{rel}","templated":true}]}}