{"id":38301,"date":"2022-03-16T08:47:14","date_gmt":"2022-03-16T11:47:14","guid":{"rendered":"http:\/\/www.sincomam.org.br\/?p=38301"},"modified":"2022-03-16T08:47:14","modified_gmt":"2022-03-16T11:47:14","slug":"marinha-do-brasil-participa-da-semana-nacional-da-economia-azul-em-sao-tome-e-principe","status":"publish","type":"post","link":"https:\/\/www.sincomam.org.br\/index.php\/marinha-do-brasil-participa-da-semana-nacional-da-economia-azul-em-sao-tome-e-principe\/","title":{"rendered":"Marinha do Brasil participa da Semana Nacional da Economia Azul em S\u00e3o Tom\u00e9 e Pr\u00edncipe"},"content":{"rendered":"<p>O Brasil participou dos debates ocorridos entre os dias 7 e 11 de mar\u00e7o, em S\u00e3o Tom\u00e9 e Pr\u00edncipe (STP), por ocasi\u00e3o da Semana Nacional da Economia Azul. O evento realizado pela Organiza\u00e7\u00e3o das Na\u00e7\u00f5es Unidas para a Alimenta\u00e7\u00e3o e a Agricultura (FAO), contou com a presen\u00e7a do Presidente da Rep\u00fablica, membros do governo, representantes do corpo diplom\u00e1tico e institui\u00e7\u00f5es internacionais.<\/p>\n<p>A Marinha do Brasil, por meio do Chefe da Miss\u00e3o de Assessoria Naval em STP, apresentou suas a\u00e7\u00f5es para o fomento da mentalidade mar\u00edtima brasileira, revis\u00e3o da Pol\u00edtica Mar\u00edtima Nacional e defendeu que o desenvolvimento das atividades mar\u00edtimas na \u201cRo\u00e7a Azul\u201d, conceito oceanopol\u00edtico semelhante \u00e0 Amaz\u00f4nia Azul, requer maiores investimentos na Guarda Costeira de STP, para garantia da seguran\u00e7a mar\u00edtima e a salvaguarda da vida humana no mar.<\/p>\n<p>O Embaixador do Brasil em STP, compareceu aos debates, ressaltou os resultados positivos da coopera\u00e7\u00e3o militar existente entre ambos os pa\u00edses, destacou as capacidades de coopera\u00e7\u00e3o do Brasil em outras \u00e1reas de interesse para o estabelecimento da Economia Azul em STP e recebeu a delega\u00e7\u00e3o da FAO.<\/p>\n","protected":false},"excerpt":{"rendered":"<p>O Brasil participou dos debates ocorridos entre os dias 7 e 11 de mar\u00e7o, em S\u00e3o Tom\u00e9 e Pr\u00edncipe (STP), por ocasi\u00e3o da Semana Nacional&#8230;<\/p>\n","protected":false},"author":1527,"featured_media":38302,"comment_status":"closed","ping_status":"closed","sticky":false,"template":"","format":"standard","meta":{"footnotes":""},"categories":[6],"tags":[],"class_list":["post-38301","post","type-post","status-publish","format-standard","has-post-thumbnail","hentry","category-noticias"],"_links":{"self":[{"href":"https:\/\/www.sincomam.org.br\/index.php\/wp-json\/wp\/v2\/posts\/38301","targetHints":{"allow":["GET"]}}],"collection":[{"href":"https:\/\/www.sincomam.org.br\/index.php\/wp-json\/wp\/v2\/posts"}],"about":[{"href":"https:\/\/www.sincomam.org.br\/index.php\/wp-json\/wp\/v2\/types\/post"}],"author":[{"embeddable":true,"href":"https:\/\/www.sincomam.org.br\/index.php\/wp-json\/wp\/v2\/users\/1527"}],"replies":[{"embeddable":true,"href":"https:\/\/www.sincomam.org.br\/index.php\/wp-json\/wp\/v2\/comments?post=38301"}],"version-history":[{"count":1,"href":"https:\/\/www.sincomam.org.br\/index.php\/wp-json\/wp\/v2\/posts\/38301\/revisions"}],"predecessor-version":[{"id":38303,"href":"https:\/\/www.sincomam.org.br\/index.php\/wp-json\/wp\/v2\/posts\/38301\/revisions\/38303"}],"wp:featuredmedia":[{"embeddable":true,"href":"https:\/\/www.sincomam.org.br\/index.php\/wp-json\/wp\/v2\/media\/38302"}],"wp:attachment":[{"href":"https:\/\/www.sincomam.org.br\/index.php\/wp-json\/wp\/v2\/media?parent=38301"}],"wp:term":[{"taxonomy":"category","embeddable":true,"href":"https:\/\/www.sincomam.org.br\/index.php\/wp-json\/wp\/v2\/categories?post=38301"},{"taxonomy":"post_tag","embeddable":true,"href":"https:\/\/www.sincomam.org.br\/index.php\/wp-json\/wp\/v2\/tags?post=38301"}],"curies":[{"name":"wp","href":"https:\/\/api.w.org\/{rel}","templated":true}]}}