{"id":38293,"date":"2022-03-16T08:35:52","date_gmt":"2022-03-16T11:35:52","guid":{"rendered":"http:\/\/www.sincomam.org.br\/?p=38293"},"modified":"2022-03-16T08:36:22","modified_gmt":"2022-03-16T11:36:22","slug":"campanha-nacional-de-vacinacao-contra-a-gripe-comeca-em-4-de-abril","status":"publish","type":"post","link":"https:\/\/www.sincomam.org.br\/index.php\/campanha-nacional-de-vacinacao-contra-a-gripe-comeca-em-4-de-abril\/","title":{"rendered":"Campanha nacional de vacina\u00e7\u00e3o contra a gripe come\u00e7a em 4 de abril"},"content":{"rendered":"<p>O Minist\u00e9rio da Sa\u00fade inicia no dia 4 de abril a campanha nacional de vacina\u00e7\u00e3o contra a gripe. A meta \u00e9 imunizar cerca de 76,5 milh\u00f5es de pessoas at\u00e9 o dia 3 de junho, data prevista para encerramento da campanha.<\/p>\n<p>Em nota, o minist\u00e9rio alerta para a import\u00e2ncia da vacina\u00e7\u00e3o dos grupos priorit\u00e1rios para evitar surtos da doen\u00e7a, que pode sobrecarregar os servi\u00e7os de sa\u00fade e at\u00e9 levar \u00e0 morte.<\/p>\n<p>Segundo a pasta, 80 milh\u00f5es de doses da vacina Influenza trivalente, produzidas pelo Instituto Butantan e eficaz contra as cepas H1N1, H3N2 e tipo B, estar\u00e3o dispon\u00edveis no Sistema \u00danico de Sa\u00fade (SUS).<\/p>\n<p>No caso das crian\u00e7as de 6 meses a menores de 5 anos que j\u00e1 receberam ao menos uma dose da vacina Influenza ao longo da vida, deve-se considerar o esquema vacinal com apenas uma dose em 2022. Para as crian\u00e7as que ser\u00e3o vacinadas pela primeira vez, a orienta\u00e7\u00e3o \u00e9 agendar a segunda aplica\u00e7\u00e3o da vacina contra gripe para 30 dias ap\u00f3s a primeira dose.<\/p>\n<p>A campanha nacional ocorrer\u00e1 em duas etapas. Na primeira, entre os dias 4 de abril e 2 de maio, ser\u00e3o vacinados idosos com 60 anos ou mais e trabalhadores da sa\u00fade.<\/p>\n<p>A segunda etapa, que vai de 3 de maio a 3 de junho, tem como p\u00fablico-alvo crian\u00e7as de 6 meses at\u00e9 4 anos, 11 meses e 29 dias; gestantes e pu\u00e9rperas; povos ind\u00edgenas; professores; pessoas com comorbidades; pessoas com defici\u00eancia permanente; membros de for\u00e7as de seguran\u00e7a e salvamento e das For\u00e7as Armadas; caminhoneiros e trabalhadores de transporte coletivo rodovi\u00e1rio de passageiros urbano e de longo curso; trabalhadores portu\u00e1rios; funcion\u00e1rios do sistema prisional; adolescentes e jovens de 12 a 21 anos de idade sob medida socioeducativa e pessoas privadas de liberdade.<\/p>\n<p>Fonte: Ag\u00eancia Brasil<\/p>\n","protected":false},"excerpt":{"rendered":"<p>O Minist\u00e9rio da Sa\u00fade inicia no dia 4 de abril a campanha nacional de vacina\u00e7\u00e3o contra a gripe. A meta \u00e9 imunizar cerca de 76,5&#8230;<\/p>\n","protected":false},"author":1527,"featured_media":29316,"comment_status":"closed","ping_status":"closed","sticky":false,"template":"","format":"standard","meta":{"footnotes":""},"categories":[6],"tags":[],"class_list":["post-38293","post","type-post","status-publish","format-standard","has-post-thumbnail","hentry","category-noticias"],"_links":{"self":[{"href":"https:\/\/www.sincomam.org.br\/index.php\/wp-json\/wp\/v2\/posts\/38293","targetHints":{"allow":["GET"]}}],"collection":[{"href":"https:\/\/www.sincomam.org.br\/index.php\/wp-json\/wp\/v2\/posts"}],"about":[{"href":"https:\/\/www.sincomam.org.br\/index.php\/wp-json\/wp\/v2\/types\/post"}],"author":[{"embeddable":true,"href":"https:\/\/www.sincomam.org.br\/index.php\/wp-json\/wp\/v2\/users\/1527"}],"replies":[{"embeddable":true,"href":"https:\/\/www.sincomam.org.br\/index.php\/wp-json\/wp\/v2\/comments?post=38293"}],"version-history":[{"count":2,"href":"https:\/\/www.sincomam.org.br\/index.php\/wp-json\/wp\/v2\/posts\/38293\/revisions"}],"predecessor-version":[{"id":38295,"href":"https:\/\/www.sincomam.org.br\/index.php\/wp-json\/wp\/v2\/posts\/38293\/revisions\/38295"}],"wp:featuredmedia":[{"embeddable":true,"href":"https:\/\/www.sincomam.org.br\/index.php\/wp-json\/wp\/v2\/media\/29316"}],"wp:attachment":[{"href":"https:\/\/www.sincomam.org.br\/index.php\/wp-json\/wp\/v2\/media?parent=38293"}],"wp:term":[{"taxonomy":"category","embeddable":true,"href":"https:\/\/www.sincomam.org.br\/index.php\/wp-json\/wp\/v2\/categories?post=38293"},{"taxonomy":"post_tag","embeddable":true,"href":"https:\/\/www.sincomam.org.br\/index.php\/wp-json\/wp\/v2\/tags?post=38293"}],"curies":[{"name":"wp","href":"https:\/\/api.w.org\/{rel}","templated":true}]}}