{"id":38285,"date":"2022-03-15T10:09:20","date_gmt":"2022-03-15T13:09:20","guid":{"rendered":"http:\/\/www.sincomam.org.br\/?p=38285"},"modified":"2022-03-15T10:09:20","modified_gmt":"2022-03-15T13:09:20","slug":"apos-lancamento-de-nova-marca-norsul-da-inicio-a-rebranding-de-frota-maritima","status":"publish","type":"post","link":"https:\/\/www.sincomam.org.br\/index.php\/apos-lancamento-de-nova-marca-norsul-da-inicio-a-rebranding-de-frota-maritima\/","title":{"rendered":"Ap\u00f3s lan\u00e7amento de nova marca, Norsul d\u00e1 in\u00edcio a rebranding de frota mar\u00edtima"},"content":{"rendered":"<p>A Norsul, que lan\u00e7ou nova marca em 2021, finaliza a pintura da primeira embarca\u00e7\u00e3o da companhia que agora est\u00e1 com suas novas cores: &#8220;Norsul 12&#8221; \u00e9 a primeira barca\u00e7a roxa de que se tem not\u00edcia.<\/p>\n<p>O processo durou quase um m\u00eas, teve cerca de 200 profissionais envolvidos tanto para a pintura como para a docagem.<\/p>\n<p>Com tradi\u00e7\u00e3o em cabotagem e longo curso, sendo uma das l\u00edderes em navega\u00e7\u00e3o privada no pa\u00eds, a empresa passou a se chamar \u201cNorsul\u201d no lugar de \u201cCompanhia de Navega\u00e7\u00e3o Norsul\u201d. O reposicionamento de marca trouxe uma nova identidade visual pela primeira vez em 58 anos de hist\u00f3ria. A mudan\u00e7a, oficializada em setembro de 2021, busca traduzir a expans\u00e3o da empresa tamb\u00e9m na comunica\u00e7\u00e3o.<\/p>\n<p>\u201cNossa nova marca reflete esse momento estrat\u00e9gico de integra\u00e7\u00e3o da Norsul e consolida nossa transforma\u00e7\u00e3o para atender nossos clientes com a multimodalidade. Sabemos que podemos desenvolver o melhor caminho para as cargas e tra\u00e7ar a metodologia para que o percurso tenha m\u00e1xima seguran\u00e7a com a excel\u00eancia que nos \u00e9 peculiar. Essa \u00e9 a mensagem que buscamos transmitir com a nova identidade visual\u201d, destaca Angelo Baroncini, diretor-presidente da Norsul.<\/p>\n<p>At\u00e9 o fim de 2022, a expectativa da empresa \u00e9 conseguir fazer a atualiza\u00e7\u00e3o da marca e suas novas cores em mais tr\u00eas embarca\u00e7\u00f5es. O processo de pintura deve coincidir com o per\u00edodo de docagem, quando as opera\u00e7\u00f5es que dependem daquela embarca\u00e7\u00e3o j\u00e1 est\u00e3o temporariamente suspensas para a manuten\u00e7\u00e3o.<\/p>\n<p>Fonte: Portos e Navios<\/p>\n","protected":false},"excerpt":{"rendered":"<p>A Norsul, que lan\u00e7ou nova marca em 2021, finaliza a pintura da primeira embarca\u00e7\u00e3o da companhia que agora est\u00e1 com suas novas cores: &#8220;Norsul 12&#8221;&#8230;<\/p>\n","protected":false},"author":1527,"featured_media":38286,"comment_status":"closed","ping_status":"closed","sticky":false,"template":"","format":"standard","meta":{"footnotes":""},"categories":[6],"tags":[],"class_list":["post-38285","post","type-post","status-publish","format-standard","has-post-thumbnail","hentry","category-noticias"],"_links":{"self":[{"href":"https:\/\/www.sincomam.org.br\/index.php\/wp-json\/wp\/v2\/posts\/38285","targetHints":{"allow":["GET"]}}],"collection":[{"href":"https:\/\/www.sincomam.org.br\/index.php\/wp-json\/wp\/v2\/posts"}],"about":[{"href":"https:\/\/www.sincomam.org.br\/index.php\/wp-json\/wp\/v2\/types\/post"}],"author":[{"embeddable":true,"href":"https:\/\/www.sincomam.org.br\/index.php\/wp-json\/wp\/v2\/users\/1527"}],"replies":[{"embeddable":true,"href":"https:\/\/www.sincomam.org.br\/index.php\/wp-json\/wp\/v2\/comments?post=38285"}],"version-history":[{"count":1,"href":"https:\/\/www.sincomam.org.br\/index.php\/wp-json\/wp\/v2\/posts\/38285\/revisions"}],"predecessor-version":[{"id":38287,"href":"https:\/\/www.sincomam.org.br\/index.php\/wp-json\/wp\/v2\/posts\/38285\/revisions\/38287"}],"wp:featuredmedia":[{"embeddable":true,"href":"https:\/\/www.sincomam.org.br\/index.php\/wp-json\/wp\/v2\/media\/38286"}],"wp:attachment":[{"href":"https:\/\/www.sincomam.org.br\/index.php\/wp-json\/wp\/v2\/media?parent=38285"}],"wp:term":[{"taxonomy":"category","embeddable":true,"href":"https:\/\/www.sincomam.org.br\/index.php\/wp-json\/wp\/v2\/categories?post=38285"},{"taxonomy":"post_tag","embeddable":true,"href":"https:\/\/www.sincomam.org.br\/index.php\/wp-json\/wp\/v2\/tags?post=38285"}],"curies":[{"name":"wp","href":"https:\/\/api.w.org\/{rel}","templated":true}]}}