{"id":38271,"date":"2022-03-15T09:35:33","date_gmt":"2022-03-15T12:35:33","guid":{"rendered":"http:\/\/www.sincomam.org.br\/?p=38271"},"modified":"2022-03-15T09:36:59","modified_gmt":"2022-03-15T12:36:59","slug":"expedicao-cientifica-nas-ilhas-da-trindade-e-de-martin-vaz-reforca-a-importancia-da-amazonia-azul-para-o-brasil","status":"publish","type":"post","link":"https:\/\/www.sincomam.org.br\/index.php\/expedicao-cientifica-nas-ilhas-da-trindade-e-de-martin-vaz-reforca-a-importancia-da-amazonia-azul-para-o-brasil\/","title":{"rendered":"Expedi\u00e7\u00e3o Cient\u00edfica nas Ilhas da Trindade e de Martin Vaz refor\u00e7a a import\u00e2ncia da Amaz\u00f4nia Azul para o Brasil"},"content":{"rendered":"<p>Pesquisadores da Universidade Federal do Rio de Janeiro (UFRJ), da Universidade do Estado do Rio de Janeiro (UERJ) e da Universidade Federal do Rio Grande (FURG) est\u00e3o embarcados, desde o dia 7 de mar\u00e7o, no Navio Hidroceanogr\u00e1fico Faroleiro (NHoF) &#8220;Almirante Gra\u00e7a Aranha&#8221;, para uma expedi\u00e7\u00e3o cient\u00edfica de 31 dias, em que realizar\u00e3o estudos clim\u00e1ticos, oceanogr\u00e1ficos, geol\u00f3gicos, hist\u00f3ricos e ambientais nas Ilhas da Trindade e de Martin Vaz.<\/p>\n<p>A participa\u00e7\u00e3o conjunta da comunidade cient\u00edfica e da Marinha do Brasil durante esta 110\u00aa Expedi\u00e7\u00e3o Cient\u00edfica na Ilha da Trindade e na \u00e1rea mar\u00edtima do Arquip\u00e9lago de Martin Vaz mostra o interesse de ambas as partes no desenvolvimento de pesquisas e na garantia da soberania nacional na Amaz\u00f4nia Azul.<\/p>\n<p>Segundo o Comandante do NHoF &#8220;Almirante Gra\u00e7a Aranha&#8221;, Capit\u00e3o de Fragata Marcelo de Abreu Souza, \u201co navio est\u00e1 prestando todo o apoio log\u00edstico, de pessoal e material aos pesquisadores. As pesquisas realizadas pela Marinha e pelas institui\u00e7\u00f5es que comp\u00f5em esta expedi\u00e7\u00e3o alavancar\u00e3o o entendimento em diversas \u00e1reas cient\u00edficas de interesse do Brasil\u201d. <\/p>\n<p>Pela primeira vez na hist\u00f3ria, os pesquisadores v\u00e3o pernoitar na desabitada Ilha Martin Vaz, local  onde acontece o primeiro nascer do sol do Brasil, que fica a aproximadamente 1.200 quil\u00f4metros de Vit\u00f3ria (ES) e a 1.550 km da cidade do Rio de Janeiro (RJ).<\/p>\n<p><strong>Import\u00e2ncia das ilhas para o Brasil<\/strong><br \/>\nA import\u00e2ncia estrat\u00e9gica das ilhas oce\u00e2nicas \u2013 casos de Trindade e Martin Vaz \u2013 foi consolidada pela Conven\u00e7\u00e3o das Na\u00e7\u00f5es Unidas sobre o Direito do Mar, que garante o direito de o Brasil estabelecer Mar Territorial e Zona Econ\u00f4mica Exclusiva ao redor das ilhas. Assim, \u00e9 acrescentada uma \u00e1rea mar\u00edtima de raio de 200 milhas (aproximadamente 370 km) ao redor de cada ilha oce\u00e2nica, garantindo ao Pa\u00eds exclusividade para explorar, explotar, conservar e gerir os respectivos recursos naturais, vivos e n\u00e3o vivos, da massa l\u00edquida, do solo e do subsolo marinhos, o que contribui para o desenvolvimento econ\u00f4mico brasileiro.<\/p>\n<p>As ilhas oce\u00e2nicas tamb\u00e9m tem importante valor cient\u00edfico, socioecon\u00f4mico e ambiental, em fun\u00e7\u00e3o da singularidade de seus ecossistemas, das esp\u00e9cies end\u00eamicas, da constitui\u00e7\u00e3o e da evolu\u00e7\u00e3o geol\u00f3gica e da possibilidade de gera\u00e7\u00e3o de dados essenciais para previs\u00f5es meteorol\u00f3gicas, estudos geol\u00f3gicos, geot\u00e9cnicos, oceanogr\u00e1ficos e clim\u00e1ticos, entre outros.<\/p>\n<p>A pesquisa cient\u00edfica nessas localidades consideravelmente bem distantes da costa brasileira refor\u00e7am, desta forma, a soberania do Brasil na Amaz\u00f4nia Azul, por onde trafega mais de 95% do com\u00e9rcio exterior brasileiro e extra\u00eddo cerca de 95% do petr\u00f3leo nacional, sendo, ainda, acervo de incont\u00e1veis recursos vivos, minerais e s\u00edtios ambientais, com a exist\u00eancia de estrat\u00e9gicos portos, centros industriais e de energia. O dinamismo e a evolu\u00e7\u00e3o de cen\u00e1rios oceanopol\u00edticos e interesses de toda a ordem, demandam, cada vez mais, uma presen\u00e7a robusta do Estado brasileiro  na Amaz\u00f4nia Azul.<\/p>\n<p>Fonte: Marinha do Brasil<\/p>\n","protected":false},"excerpt":{"rendered":"<p>Pesquisadores da Universidade Federal do Rio de Janeiro (UFRJ), da Universidade do Estado do Rio de Janeiro (UERJ) e da Universidade Federal do Rio Grande&#8230;<\/p>\n","protected":false},"author":1527,"featured_media":38272,"comment_status":"closed","ping_status":"closed","sticky":false,"template":"","format":"standard","meta":{"footnotes":""},"categories":[6],"tags":[],"class_list":["post-38271","post","type-post","status-publish","format-standard","has-post-thumbnail","hentry","category-noticias"],"_links":{"self":[{"href":"https:\/\/www.sincomam.org.br\/index.php\/wp-json\/wp\/v2\/posts\/38271","targetHints":{"allow":["GET"]}}],"collection":[{"href":"https:\/\/www.sincomam.org.br\/index.php\/wp-json\/wp\/v2\/posts"}],"about":[{"href":"https:\/\/www.sincomam.org.br\/index.php\/wp-json\/wp\/v2\/types\/post"}],"author":[{"embeddable":true,"href":"https:\/\/www.sincomam.org.br\/index.php\/wp-json\/wp\/v2\/users\/1527"}],"replies":[{"embeddable":true,"href":"https:\/\/www.sincomam.org.br\/index.php\/wp-json\/wp\/v2\/comments?post=38271"}],"version-history":[{"count":1,"href":"https:\/\/www.sincomam.org.br\/index.php\/wp-json\/wp\/v2\/posts\/38271\/revisions"}],"predecessor-version":[{"id":38273,"href":"https:\/\/www.sincomam.org.br\/index.php\/wp-json\/wp\/v2\/posts\/38271\/revisions\/38273"}],"wp:featuredmedia":[{"embeddable":true,"href":"https:\/\/www.sincomam.org.br\/index.php\/wp-json\/wp\/v2\/media\/38272"}],"wp:attachment":[{"href":"https:\/\/www.sincomam.org.br\/index.php\/wp-json\/wp\/v2\/media?parent=38271"}],"wp:term":[{"taxonomy":"category","embeddable":true,"href":"https:\/\/www.sincomam.org.br\/index.php\/wp-json\/wp\/v2\/categories?post=38271"},{"taxonomy":"post_tag","embeddable":true,"href":"https:\/\/www.sincomam.org.br\/index.php\/wp-json\/wp\/v2\/tags?post=38271"}],"curies":[{"name":"wp","href":"https:\/\/api.w.org\/{rel}","templated":true}]}}