{"id":38261,"date":"2022-03-14T10:04:46","date_gmt":"2022-03-14T13:04:46","guid":{"rendered":"http:\/\/www.sincomam.org.br\/?p=38261"},"modified":"2022-03-14T10:04:46","modified_gmt":"2022-03-14T13:04:46","slug":"imo-quer-corredor-maritimo-seguro-para-evacuacao-de-maritimos-e-navios","status":"publish","type":"post","link":"https:\/\/www.sincomam.org.br\/index.php\/imo-quer-corredor-maritimo-seguro-para-evacuacao-de-maritimos-e-navios\/","title":{"rendered":"IMO quer corredor mar\u00edtimo seguro para evacua\u00e7\u00e3o de mar\u00edtimos e navios"},"content":{"rendered":"<p>A Organiza\u00e7\u00e3o Mar\u00edtima Internacional (IMO) realizou uma sess\u00e3o extraordin\u00e1ria do seu Conselho em 10 e 11 de mar\u00e7o para abordar a situa\u00e7\u00e3o no Mar Negro e no Mar de Azov e os impactos sobre navios e mar\u00edtimos .<\/p>\n<p>O Conselho encoraja a cria\u00e7\u00e3o, como medida provis\u00f3ria e urgente, de um corredor mar\u00edtimo azul seguro para permitir a evacua\u00e7\u00e3o de mar\u00edtimos e navios das zonas de alto risco no Mar Negro e no Mar de Azov para um local seguro local a fim de proteger a vida dos mar\u00edtimos e assegurar a mobiliza\u00e7\u00e3o e a navega\u00e7\u00e3o comercial das embarca\u00e7\u00f5es que pretendam utilizar este corredor, evitando ataques militares.<\/p>\n<p>O Conselho aprovou proposta no sentido de garantir que os navios partam com seguran\u00e7a a partir dos portos da Ucr\u00e2nia na primeira oportunidade, sem amea\u00e7a de ataque. Para os navios que n\u00e3o podem partir imediatamente, ou onde n\u00e3o seja seguro faz\u00ea-lo devido \u00e0 presen\u00e7a de minas mar\u00edtimas ou outros perigos, devem ser criados corredores humanit\u00e1rios que possibilitem a seguran\u00e7a dos mar\u00edtimos, permitindo-lhes sair da zona de conflito.<\/p>\n<p>A entidade aprovou ainda que qualquer forma de ass\u00e9dio aos mar\u00edtimos devido \u00e0 sua nacionalidade deve ser condenada; os mar\u00edtimos afetados pelo conflito devem ter acesso livre \u00e0s comunica\u00e7\u00f5es com suas fam\u00edlias; os Estados devem garantir que os mar\u00edtimos tenham acesso aos seus sal\u00e1rios; e os Estados devem reconhecer a condi\u00e7\u00e3o de trabalhadores-chave dos mar\u00edtimos e permitir seu movimento irrestrito.<\/p>\n<p>Fonte: Portos e Navios<\/p>\n","protected":false},"excerpt":{"rendered":"<p>A Organiza\u00e7\u00e3o Mar\u00edtima Internacional (IMO) realizou uma sess\u00e3o extraordin\u00e1ria do seu Conselho em 10 e 11 de mar\u00e7o para abordar a situa\u00e7\u00e3o no Mar Negro&#8230;<\/p>\n","protected":false},"author":1527,"featured_media":38262,"comment_status":"closed","ping_status":"closed","sticky":false,"template":"","format":"standard","meta":{"footnotes":""},"categories":[6],"tags":[],"class_list":["post-38261","post","type-post","status-publish","format-standard","has-post-thumbnail","hentry","category-noticias"],"_links":{"self":[{"href":"https:\/\/www.sincomam.org.br\/index.php\/wp-json\/wp\/v2\/posts\/38261","targetHints":{"allow":["GET"]}}],"collection":[{"href":"https:\/\/www.sincomam.org.br\/index.php\/wp-json\/wp\/v2\/posts"}],"about":[{"href":"https:\/\/www.sincomam.org.br\/index.php\/wp-json\/wp\/v2\/types\/post"}],"author":[{"embeddable":true,"href":"https:\/\/www.sincomam.org.br\/index.php\/wp-json\/wp\/v2\/users\/1527"}],"replies":[{"embeddable":true,"href":"https:\/\/www.sincomam.org.br\/index.php\/wp-json\/wp\/v2\/comments?post=38261"}],"version-history":[{"count":1,"href":"https:\/\/www.sincomam.org.br\/index.php\/wp-json\/wp\/v2\/posts\/38261\/revisions"}],"predecessor-version":[{"id":38263,"href":"https:\/\/www.sincomam.org.br\/index.php\/wp-json\/wp\/v2\/posts\/38261\/revisions\/38263"}],"wp:featuredmedia":[{"embeddable":true,"href":"https:\/\/www.sincomam.org.br\/index.php\/wp-json\/wp\/v2\/media\/38262"}],"wp:attachment":[{"href":"https:\/\/www.sincomam.org.br\/index.php\/wp-json\/wp\/v2\/media?parent=38261"}],"wp:term":[{"taxonomy":"category","embeddable":true,"href":"https:\/\/www.sincomam.org.br\/index.php\/wp-json\/wp\/v2\/categories?post=38261"},{"taxonomy":"post_tag","embeddable":true,"href":"https:\/\/www.sincomam.org.br\/index.php\/wp-json\/wp\/v2\/tags?post=38261"}],"curies":[{"name":"wp","href":"https:\/\/api.w.org\/{rel}","templated":true}]}}