{"id":38258,"date":"2022-03-14T10:01:23","date_gmt":"2022-03-14T13:01:23","guid":{"rendered":"http:\/\/www.sincomam.org.br\/?p=38258"},"modified":"2022-03-14T10:01:23","modified_gmt":"2022-03-14T13:01:23","slug":"carga-geral-cresce-e-movimentacao-sobe-40-no-porto-de-vitoria","status":"publish","type":"post","link":"https:\/\/www.sincomam.org.br\/index.php\/carga-geral-cresce-e-movimentacao-sobe-40-no-porto-de-vitoria\/","title":{"rendered":"CARGA GERAL CRESCE E MOVIMENTA\u00c7\u00c3O SOBE 40% NO PORTO DE VIT\u00d3RIA"},"content":{"rendered":"<p>Nos dois primeiros meses deste ano, a movimenta\u00e7\u00e3o de cargas nos Portos de Vit\u00f3ria e Barra do Riacho atingiu 1.459.089 t, aumento de 28,57% em compara\u00e7\u00e3o com o primeiro bimestre de 2021 (1.134.870 t). Somente em fevereiro foram 709.204 t, 39,83% maior que o mesmo m\u00eas de 2021.<\/p>\n<p>Em janeiro e fevereiro, destaque para a carga geral: crescimento de 375,80% (91.729 t em 2021 e 436.443 t em 2022). Neste segmento, os produtos sider\u00fargicos tiveram substancial aumento de 4.668%, pulando de 6.146 t para 293.042 t.<\/p>\n<p>A maior parte da navega\u00e7\u00e3o deste bimestre foi de longo curso (55,35%), sendo 44,65% de cabotagem. Total de 151 atraca\u00e7\u00f5es contra 119 no ano passado (+26,89%).<\/p>\n<p>Os dados foram apurados pelas coordena\u00e7\u00f5es de Marketing e Desenvolvimento de Neg\u00f3cios (Comark) e de Planejamento e Desenvolvimento (Coplad).<\/p>\n<p>Fonte: Informativo dos Portos<\/p>\n","protected":false},"excerpt":{"rendered":"<p>Nos dois primeiros meses deste ano, a movimenta\u00e7\u00e3o de cargas nos Portos de Vit\u00f3ria e Barra do Riacho atingiu 1.459.089 t, aumento de 28,57% em&#8230;<\/p>\n","protected":false},"author":1527,"featured_media":38259,"comment_status":"closed","ping_status":"closed","sticky":false,"template":"","format":"standard","meta":{"footnotes":""},"categories":[6],"tags":[],"class_list":["post-38258","post","type-post","status-publish","format-standard","has-post-thumbnail","hentry","category-noticias"],"_links":{"self":[{"href":"https:\/\/www.sincomam.org.br\/index.php\/wp-json\/wp\/v2\/posts\/38258","targetHints":{"allow":["GET"]}}],"collection":[{"href":"https:\/\/www.sincomam.org.br\/index.php\/wp-json\/wp\/v2\/posts"}],"about":[{"href":"https:\/\/www.sincomam.org.br\/index.php\/wp-json\/wp\/v2\/types\/post"}],"author":[{"embeddable":true,"href":"https:\/\/www.sincomam.org.br\/index.php\/wp-json\/wp\/v2\/users\/1527"}],"replies":[{"embeddable":true,"href":"https:\/\/www.sincomam.org.br\/index.php\/wp-json\/wp\/v2\/comments?post=38258"}],"version-history":[{"count":1,"href":"https:\/\/www.sincomam.org.br\/index.php\/wp-json\/wp\/v2\/posts\/38258\/revisions"}],"predecessor-version":[{"id":38260,"href":"https:\/\/www.sincomam.org.br\/index.php\/wp-json\/wp\/v2\/posts\/38258\/revisions\/38260"}],"wp:featuredmedia":[{"embeddable":true,"href":"https:\/\/www.sincomam.org.br\/index.php\/wp-json\/wp\/v2\/media\/38259"}],"wp:attachment":[{"href":"https:\/\/www.sincomam.org.br\/index.php\/wp-json\/wp\/v2\/media?parent=38258"}],"wp:term":[{"taxonomy":"category","embeddable":true,"href":"https:\/\/www.sincomam.org.br\/index.php\/wp-json\/wp\/v2\/categories?post=38258"},{"taxonomy":"post_tag","embeddable":true,"href":"https:\/\/www.sincomam.org.br\/index.php\/wp-json\/wp\/v2\/tags?post=38258"}],"curies":[{"name":"wp","href":"https:\/\/api.w.org\/{rel}","templated":true}]}}