{"id":38243,"date":"2022-03-11T10:09:13","date_gmt":"2022-03-11T13:09:13","guid":{"rendered":"http:\/\/www.sincomam.org.br\/?p=38243"},"modified":"2022-03-11T10:09:13","modified_gmt":"2022-03-11T13:09:13","slug":"antaq-realizara-segunda-audiencia-publica-sobre-a-concessao-do-porto-de-santos","status":"publish","type":"post","link":"https:\/\/www.sincomam.org.br\/index.php\/antaq-realizara-segunda-audiencia-publica-sobre-a-concessao-do-porto-de-santos\/","title":{"rendered":"Antaq realizar\u00e1 segunda audi\u00eancia p\u00fablica sobre a concess\u00e3o do Porto de Santos"},"content":{"rendered":"<p>A Ag\u00eancia Nacional de Transportes Aquavi\u00e1rios (Antaq) realizar\u00e1, a partir das 10h de 14 de mar\u00e7o, a segunda audi\u00eancia p\u00fablica do processo de concess\u00e3o do Porto de Santos. A sess\u00e3o ser\u00e1 realizada em formato virtual.<\/p>\n<p>A reuni\u00e3o tem como objetivo obter contribui\u00e7\u00f5es, subs\u00eddios e sugest\u00f5es para o aprimoramento dos documentos t\u00e9cnicos e jur\u00eddicos publicados, relativos \u00e0 realiza\u00e7\u00e3o de certame licitat\u00f3rio de concess\u00e3o do porto. O recebimento de contribui\u00e7\u00f5es da sociedade civil \u00e9 de suma import\u00e2ncia para a realiza\u00e7\u00e3o de ajustes e adequa\u00e7\u00f5es no modelo proposto.<\/p>\n<p>A primeira audi\u00eancia p\u00fablica ocorreu, em 10 de fevereiro, na Associa\u00e7\u00e3o Comercial de Santos. Na ocasi\u00e3o, diversos interessados fizeram requerimento para realiza\u00e7\u00e3o de uma segunda audi\u00eancia p\u00fablica, o que foi acolhido pela diretoria da Antaq.<\/p>\n<p>De acordo com os estudos apresentados, o prazo de concess\u00e3o ser\u00e1 de 35 anos, prorrog\u00e1vel por at\u00e9 cinco anos. Ainda h\u00e1 previs\u00e3o de investimentos que totalizam cerca de R$ 18 bilh\u00f5es, dentre novos investimentos e despesas de manuten\u00e7\u00e3o ao longo do contrato.<\/p>\n<p>Em rela\u00e7\u00e3o aos novos investimentos, a futura concession\u00e1ria dever\u00e1 direcionar cerca de R$ 1,4 bilh\u00e3o para a constru\u00e7\u00e3o do novo p\u00eder de atraca\u00e7\u00e3o, obras em cais p\u00fablicos, investimentos em dragagem e nas \u00e1reas de acesso ao porto. Al\u00e9m disso, dever\u00e1 aportar cerca de R$ 3 bilh\u00f5es em recursos que ser\u00e3o utilizados para a constru\u00e7\u00e3o de t\u00fanel submerso que ligar\u00e1 as cidades de Santos e Guaruj\u00e1.<\/p>\n<p>Fonte: Portos e NAvios<\/p>\n","protected":false},"excerpt":{"rendered":"<p>A Ag\u00eancia Nacional de Transportes Aquavi\u00e1rios (Antaq) realizar\u00e1, a partir das 10h de 14 de mar\u00e7o, a segunda audi\u00eancia p\u00fablica do processo de concess\u00e3o do&#8230;<\/p>\n","protected":false},"author":1527,"featured_media":34235,"comment_status":"closed","ping_status":"closed","sticky":false,"template":"","format":"standard","meta":{"footnotes":""},"categories":[6],"tags":[],"class_list":["post-38243","post","type-post","status-publish","format-standard","has-post-thumbnail","hentry","category-noticias"],"_links":{"self":[{"href":"https:\/\/www.sincomam.org.br\/index.php\/wp-json\/wp\/v2\/posts\/38243","targetHints":{"allow":["GET"]}}],"collection":[{"href":"https:\/\/www.sincomam.org.br\/index.php\/wp-json\/wp\/v2\/posts"}],"about":[{"href":"https:\/\/www.sincomam.org.br\/index.php\/wp-json\/wp\/v2\/types\/post"}],"author":[{"embeddable":true,"href":"https:\/\/www.sincomam.org.br\/index.php\/wp-json\/wp\/v2\/users\/1527"}],"replies":[{"embeddable":true,"href":"https:\/\/www.sincomam.org.br\/index.php\/wp-json\/wp\/v2\/comments?post=38243"}],"version-history":[{"count":1,"href":"https:\/\/www.sincomam.org.br\/index.php\/wp-json\/wp\/v2\/posts\/38243\/revisions"}],"predecessor-version":[{"id":38244,"href":"https:\/\/www.sincomam.org.br\/index.php\/wp-json\/wp\/v2\/posts\/38243\/revisions\/38244"}],"wp:featuredmedia":[{"embeddable":true,"href":"https:\/\/www.sincomam.org.br\/index.php\/wp-json\/wp\/v2\/media\/34235"}],"wp:attachment":[{"href":"https:\/\/www.sincomam.org.br\/index.php\/wp-json\/wp\/v2\/media?parent=38243"}],"wp:term":[{"taxonomy":"category","embeddable":true,"href":"https:\/\/www.sincomam.org.br\/index.php\/wp-json\/wp\/v2\/categories?post=38243"},{"taxonomy":"post_tag","embeddable":true,"href":"https:\/\/www.sincomam.org.br\/index.php\/wp-json\/wp\/v2\/tags?post=38243"}],"curies":[{"name":"wp","href":"https:\/\/api.w.org\/{rel}","templated":true}]}}