{"id":38235,"date":"2022-03-11T09:58:56","date_gmt":"2022-03-11T12:58:56","guid":{"rendered":"http:\/\/www.sincomam.org.br\/?p=38235"},"modified":"2022-03-11T09:58:56","modified_gmt":"2022-03-11T12:58:56","slug":"portos-do-parana-marca-audiencia-publica-para-nova-area-de-arrendamento","status":"publish","type":"post","link":"https:\/\/www.sincomam.org.br\/index.php\/portos-do-parana-marca-audiencia-publica-para-nova-area-de-arrendamento\/","title":{"rendered":"PORTOS DO PARAN\u00c1 MARCA AUDI\u00caNCIA P\u00daBLICA PARA NOVA \u00c1REA DE ARRENDAMENTO"},"content":{"rendered":"<p>O Porto de Paranagu\u00e1 definiu a data para a primeira audi\u00eancia p\u00fablica do ano, sess\u00e3o que integra o processo para o futuro leil\u00e3o de arrendamento da \u00e1rea PAR09. O evento, virtual, ser\u00e1 no pr\u00f3ximo dia 24, com in\u00edcio marcado para as 14h, sendo 18h o hor\u00e1rio limite para encerramento.<\/p>\n<p>\u201cA audi\u00eancia p\u00fablica \u00e9 um instrumento que, al\u00e9m de garantir transpar\u00eancia e ampla divulga\u00e7\u00e3o do projeto, ajuda a fomentar ainda mais o debate e esclarecer eventuais d\u00favidas sobre o arrendamento da \u00e1rea\u201d, diz o diretor-presidente da Portos do Paran\u00e1, Luiz Fernando Garcia.<\/p>\n<p>O terminal tem 24 mil metros quadrados, est\u00e1 localizado a oeste do porto organizado e se destina \u00e0 movimenta\u00e7\u00e3o e armazenagem de Gran\u00e9is S\u00f3lidos Vegetais.<\/p>\n<p>O aviso para a audi\u00eancia j\u00e1 est\u00e1 publicado em Di\u00e1rios Oficiais, do Estado e da Uni\u00e3o. As regras para a participa\u00e7\u00e3o e outras informa\u00e7\u00f5es oficiais est\u00e3o dispon\u00edveis AQUI.<\/p>\n<p>A PAR09 \u00e9 uma \u00e1rea classificada como brownfield (j\u00e1 constru\u00edda). Segundo a Comiss\u00e3o de Licita\u00e7\u00e3o de \u00c1reas Portu\u00e1rias da Portos do Paran\u00e1, as contribui\u00e7\u00f5es e sugest\u00f5es que vierem desse per\u00edodo de consulta (desde o \u00faltimo dia 21 de fevereiro at\u00e9 o pr\u00f3ximo dia 06 de abril) e audi\u00eancia p\u00fablicas ser\u00e3o analisadas e ir\u00e3o aprimorar o projeto.<\/p>\n<p>Ap\u00f3s o encerramento do processo, e an\u00e1lises das contribui\u00e7\u00f5es pela Autoridade Portu\u00e1ria, o documento ser\u00e1 remetido ao Tribunal de Contas da Uni\u00e3o. Todo o tr\u00e2mite segue com transpar\u00eancia e ampla divulga\u00e7\u00e3o.<\/p>\n<p>O certame deve ocorrer no segundo semestre deste ano, com investimentos totais esperados (Capex) de cerca de R$ 492,6 milh\u00f5es. <\/p>\n<p>Fonte: Informativo dos Portos<\/p>\n","protected":false},"excerpt":{"rendered":"<p>O Porto de Paranagu\u00e1 definiu a data para a primeira audi\u00eancia p\u00fablica do ano, sess\u00e3o que integra o processo para o futuro leil\u00e3o de arrendamento&#8230;<\/p>\n","protected":false},"author":1527,"featured_media":37889,"comment_status":"closed","ping_status":"closed","sticky":false,"template":"","format":"standard","meta":{"footnotes":""},"categories":[6],"tags":[],"class_list":["post-38235","post","type-post","status-publish","format-standard","has-post-thumbnail","hentry","category-noticias"],"_links":{"self":[{"href":"https:\/\/www.sincomam.org.br\/index.php\/wp-json\/wp\/v2\/posts\/38235","targetHints":{"allow":["GET"]}}],"collection":[{"href":"https:\/\/www.sincomam.org.br\/index.php\/wp-json\/wp\/v2\/posts"}],"about":[{"href":"https:\/\/www.sincomam.org.br\/index.php\/wp-json\/wp\/v2\/types\/post"}],"author":[{"embeddable":true,"href":"https:\/\/www.sincomam.org.br\/index.php\/wp-json\/wp\/v2\/users\/1527"}],"replies":[{"embeddable":true,"href":"https:\/\/www.sincomam.org.br\/index.php\/wp-json\/wp\/v2\/comments?post=38235"}],"version-history":[{"count":1,"href":"https:\/\/www.sincomam.org.br\/index.php\/wp-json\/wp\/v2\/posts\/38235\/revisions"}],"predecessor-version":[{"id":38236,"href":"https:\/\/www.sincomam.org.br\/index.php\/wp-json\/wp\/v2\/posts\/38235\/revisions\/38236"}],"wp:featuredmedia":[{"embeddable":true,"href":"https:\/\/www.sincomam.org.br\/index.php\/wp-json\/wp\/v2\/media\/37889"}],"wp:attachment":[{"href":"https:\/\/www.sincomam.org.br\/index.php\/wp-json\/wp\/v2\/media?parent=38235"}],"wp:term":[{"taxonomy":"category","embeddable":true,"href":"https:\/\/www.sincomam.org.br\/index.php\/wp-json\/wp\/v2\/categories?post=38235"},{"taxonomy":"post_tag","embeddable":true,"href":"https:\/\/www.sincomam.org.br\/index.php\/wp-json\/wp\/v2\/tags?post=38235"}],"curies":[{"name":"wp","href":"https:\/\/api.w.org\/{rel}","templated":true}]}}