{"id":38223,"date":"2022-03-10T08:29:37","date_gmt":"2022-03-10T11:29:37","guid":{"rendered":"http:\/\/www.sincomam.org.br\/?p=38223"},"modified":"2022-03-10T08:29:37","modified_gmt":"2022-03-10T11:29:37","slug":"porto-do-pecem-amplia-patio-de-armazenagem-de-cargas","status":"publish","type":"post","link":"https:\/\/www.sincomam.org.br\/index.php\/porto-do-pecem-amplia-patio-de-armazenagem-de-cargas\/","title":{"rendered":"PORTO DO PEC\u00c9M AMPLIA P\u00c1TIO DE ARMAZENAGEM DE CARGAS"},"content":{"rendered":"<p>Com um investimento inicial de R$ 9,02 milh\u00f5es, o Porto do Pec\u00e9m ampliar\u00e1 seu p\u00e1tio de armazenagem de cargas. O espa\u00e7o vai aumentar de 38 para 45 hectares, ou seja, um crescimento de aproximadamente 20% no tamanho do local onde fica armazenada boa parte das cargas movimentadas no terminal cearense.<\/p>\n<p>Na obra, ser\u00e3o executados os seguintes servi\u00e7os: implanta\u00e7\u00e3o de sistema el\u00e9trico de ilumina\u00e7\u00e3o do p\u00e1tio, com instala\u00e7\u00e3o de postes, torres e lumin\u00e1rias tipo LED; instala\u00e7\u00e3o da rede de combate a inc\u00eandio, com instala\u00e7\u00e3o de hidrantes de coluna para cobrir toda \u00e1rea do p\u00e1tio; instala\u00e7\u00e3o de rede estruturada de fibra \u00f3tica para implanta\u00e7\u00e3o do sistema de CFTV; implanta\u00e7\u00e3o da rede de dados para atendimento da \u00e1rea de TI; execu\u00e7\u00e3o da sinaliza\u00e7\u00e3o rodovi\u00e1ria horizontal e vertical; e constru\u00e7\u00e3o de uma guarita ferrovi\u00e1ria para controle do fechamento e abertura do port\u00e3o ferrovi\u00e1rio.<\/p>\n<p>\u201cO crescimento expressivo, registrado nos \u00faltimos anos, da movimenta\u00e7\u00e3o de cargas no nosso terminal portu\u00e1rio explica diretamente a amplia\u00e7\u00e3o do p\u00e1tio. Somente no ano passado, foram movimentadas mais de 22 milh\u00f5es de toneladas. Por isso, para que possamos ir al\u00e9m, j\u00e1 estamos trabalhando na eleva\u00e7\u00e3o da capacidade de armazenagem do Porto do Pec\u00e9m\u201d, conclui F\u00e1bio Abreu, diretor de engenharia do Complexo do Pec\u00e9m.<\/p>\n<p>Ao todo, 95 oper\u00e1rios, entre empregados diretos e indiretos, trabalham na obra de amplia\u00e7\u00e3o do p\u00e1tio de armazenagem, que deve ser conclu\u00edda at\u00e9 o in\u00edcio do segundo semestre desse ano, quando tradicionalmente \u00e9 iniciado o servi\u00e7o de exporta\u00e7\u00e3o da safra de frutas frescas.<\/p>\n<p>Fonte: informativo dos Portos<\/p>\n","protected":false},"excerpt":{"rendered":"<p>Com um investimento inicial de R$ 9,02 milh\u00f5es, o Porto do Pec\u00e9m ampliar\u00e1 seu p\u00e1tio de armazenagem de cargas. O espa\u00e7o vai aumentar de 38&#8230;<\/p>\n","protected":false},"author":1527,"featured_media":34855,"comment_status":"closed","ping_status":"closed","sticky":false,"template":"","format":"standard","meta":{"footnotes":""},"categories":[6],"tags":[],"class_list":["post-38223","post","type-post","status-publish","format-standard","has-post-thumbnail","hentry","category-noticias"],"_links":{"self":[{"href":"https:\/\/www.sincomam.org.br\/index.php\/wp-json\/wp\/v2\/posts\/38223","targetHints":{"allow":["GET"]}}],"collection":[{"href":"https:\/\/www.sincomam.org.br\/index.php\/wp-json\/wp\/v2\/posts"}],"about":[{"href":"https:\/\/www.sincomam.org.br\/index.php\/wp-json\/wp\/v2\/types\/post"}],"author":[{"embeddable":true,"href":"https:\/\/www.sincomam.org.br\/index.php\/wp-json\/wp\/v2\/users\/1527"}],"replies":[{"embeddable":true,"href":"https:\/\/www.sincomam.org.br\/index.php\/wp-json\/wp\/v2\/comments?post=38223"}],"version-history":[{"count":1,"href":"https:\/\/www.sincomam.org.br\/index.php\/wp-json\/wp\/v2\/posts\/38223\/revisions"}],"predecessor-version":[{"id":38224,"href":"https:\/\/www.sincomam.org.br\/index.php\/wp-json\/wp\/v2\/posts\/38223\/revisions\/38224"}],"wp:featuredmedia":[{"embeddable":true,"href":"https:\/\/www.sincomam.org.br\/index.php\/wp-json\/wp\/v2\/media\/34855"}],"wp:attachment":[{"href":"https:\/\/www.sincomam.org.br\/index.php\/wp-json\/wp\/v2\/media?parent=38223"}],"wp:term":[{"taxonomy":"category","embeddable":true,"href":"https:\/\/www.sincomam.org.br\/index.php\/wp-json\/wp\/v2\/categories?post=38223"},{"taxonomy":"post_tag","embeddable":true,"href":"https:\/\/www.sincomam.org.br\/index.php\/wp-json\/wp\/v2\/tags?post=38223"}],"curies":[{"name":"wp","href":"https:\/\/api.w.org\/{rel}","templated":true}]}}