{"id":3820,"date":"2014-02-25T09:24:03","date_gmt":"2014-02-25T12:24:03","guid":{"rendered":"http:\/\/www.sincomam.org.br\/?p=3820"},"modified":"2014-02-25T09:24:03","modified_gmt":"2014-02-25T12:24:03","slug":"falta-de-estagio-e-um-problema-na-marinha-mercante","status":"publish","type":"post","link":"https:\/\/www.sincomam.org.br\/index.php\/falta-de-estagio-e-um-problema-na-marinha-mercante\/","title":{"rendered":"Falta de est\u00e1gio \u00e9 um problema na Marinha Mercante"},"content":{"rendered":"<p><b><i>Diretor da DPC \u00a0afirma que \u201ca forma\u00e7\u00e3o de Oficiais da Marinha Mercante est\u00e1 sendo bem executada\u201d<\/i><\/b><\/p>\n<p>O diretor de Portos e Costas da Marinha (DPC), almirante Cl\u00e1udio Portugal de Viveiros, considera que a forma\u00e7\u00e3o de oficiais de Marinha Mercante \u2013 a cargo da Marinha do Brasil \u2013 est\u00e1 sendo bem executada. Em 2013, foram lan\u00e7ados no mercado 774 oficiais. Mas o almirante Portugal v\u00ea, na falta de est\u00e1gios, um problema.<\/p>\n<p>\u2013 Apesar do \u00eaxito na qualifica\u00e7\u00e3o e no preparo dos oficiais, ainda persiste uma importante exig\u00eancia, que \u00e9 a realiza\u00e7\u00e3o de um indispens\u00e1vel est\u00e1gio embarcado, tanto para oficiais como para subalternos. As empresas de navega\u00e7\u00e3o e as do setor de apoio mar\u00edtimo apresentam limites de disponibilidade para embarcar, a cada ano, os profissionais que conclu\u00edram os cursos para cumprirem tal requisito. Esta restri\u00e7\u00e3o acaba por retardar o imediato emprego de uma qualificada for\u00e7a de trabalho.<\/p>\n<p>Segundo o almirante, esse desafio tem de ser vencido. No mais, persiste pol\u00eamica. Os armadores sempre citam um apag\u00e3o mar\u00edtimo e lamentam escassez de pessoal. Do outro lado, o presidente do Sindicato dos Oficiais de Marinha (Sindmar), Severino Almeida, afirma que a demanda por pessoal ficou abaixo de todas as previs\u00f5es dos \u00faltimos anos, pois houve atraso na encomenda efetiva de navios e que, ao contr\u00e1rio, teme desemprego entre seu pessoal.<\/p>\n<p>Fonte: Monitor Mercantil\/ Sergio Barreto Motta<\/p>\n","protected":false},"excerpt":{"rendered":"<p>Diretor da DPC \u00a0afirma que \u201ca forma\u00e7\u00e3o de Oficiais da Marinha Mercante est\u00e1 sendo bem executada\u201d O diretor de Portos e Costas da Marinha (DPC),&#8230;<\/p>\n","protected":false},"author":1182,"featured_media":3251,"comment_status":"closed","ping_status":"closed","sticky":false,"template":"","format":"standard","meta":{"footnotes":""},"categories":[6],"tags":[566,569,15,567,568],"class_list":["post-3820","post","type-post","status-publish","format-standard","has-post-thumbnail","hentry","category-noticias","tag-estagios","tag-formacao","tag-marinha","tag-mercante","tag-oficiais"],"_links":{"self":[{"href":"https:\/\/www.sincomam.org.br\/index.php\/wp-json\/wp\/v2\/posts\/3820","targetHints":{"allow":["GET"]}}],"collection":[{"href":"https:\/\/www.sincomam.org.br\/index.php\/wp-json\/wp\/v2\/posts"}],"about":[{"href":"https:\/\/www.sincomam.org.br\/index.php\/wp-json\/wp\/v2\/types\/post"}],"author":[{"embeddable":true,"href":"https:\/\/www.sincomam.org.br\/index.php\/wp-json\/wp\/v2\/users\/1182"}],"replies":[{"embeddable":true,"href":"https:\/\/www.sincomam.org.br\/index.php\/wp-json\/wp\/v2\/comments?post=3820"}],"version-history":[{"count":1,"href":"https:\/\/www.sincomam.org.br\/index.php\/wp-json\/wp\/v2\/posts\/3820\/revisions"}],"predecessor-version":[{"id":3821,"href":"https:\/\/www.sincomam.org.br\/index.php\/wp-json\/wp\/v2\/posts\/3820\/revisions\/3821"}],"wp:featuredmedia":[{"embeddable":true,"href":"https:\/\/www.sincomam.org.br\/index.php\/wp-json\/wp\/v2\/media\/3251"}],"wp:attachment":[{"href":"https:\/\/www.sincomam.org.br\/index.php\/wp-json\/wp\/v2\/media?parent=3820"}],"wp:term":[{"taxonomy":"category","embeddable":true,"href":"https:\/\/www.sincomam.org.br\/index.php\/wp-json\/wp\/v2\/categories?post=3820"},{"taxonomy":"post_tag","embeddable":true,"href":"https:\/\/www.sincomam.org.br\/index.php\/wp-json\/wp\/v2\/tags?post=3820"}],"curies":[{"name":"wp","href":"https:\/\/api.w.org\/{rel}","templated":true}]}}