{"id":38198,"date":"2022-03-09T08:40:31","date_gmt":"2022-03-09T11:40:31","guid":{"rendered":"http:\/\/www.sincomam.org.br\/?p=38198"},"modified":"2022-03-09T08:40:31","modified_gmt":"2022-03-09T11:40:31","slug":"com-investimento-milionario-itajai-vai-anunciar-pacote-de-obras","status":"publish","type":"post","link":"https:\/\/www.sincomam.org.br\/index.php\/com-investimento-milionario-itajai-vai-anunciar-pacote-de-obras\/","title":{"rendered":"COM INVESTIMENTO MILION\u00c1RIO, ITAJA\u00cd VAI ANUNCIAR PACOTE DE OBRAS"},"content":{"rendered":"<p>Seja qual for o tamanho da cidade, ter a responsabilidade de tocar um das pastas mais agitadas da administra\u00e7\u00e3o \u00e9 uma tarefa que exige paci\u00eancia e um tempo cronometrado. Sabendo disso, a coluna soube aproveitar o tempo pra bater um papo com M\u00e1rcio Jos\u00e9 Gon\u00e7alves, o Ded\u00e9, secret\u00e1rio de Obras de Itaja\u00ed, no Litoral Norte de Santa Catarina.<\/p>\n<p>Vereador licenciado, Ded\u00e9 atualizou o andamento de obras importantes e outros pontos bastante interessantes para o cidad\u00e3o.<\/p>\n<p>O secret\u00e1rio come\u00e7ou o bate-papo, falando sobre a situa\u00e7\u00e3o das obras de tr\u00eas pontes que est\u00e3o em constru\u00e7\u00e3o na cidade e que prometem dar fluidez aos gargalos de tr\u00e2nsito em Itaja\u00ed.<\/p>\n<p>A Ponte em constru\u00e7\u00e3o na Avenida Nilo Bittencourt que vai ligar os dois maiores bairros da cidade: S\u00e3o Vicente e Cordeiros chegou a 80% da obra conclu\u00edda com o i\u00e7amento e a coloca\u00e7\u00e3o das vigas; segundo Ded\u00e9, a ponte vai  ser entregue a comunidade no segundo semestre, provavelmente no m\u00eas de agosto.<\/p>\n<p>No Bambuzal em S\u00e3o Vicente, a nova ponte que vai ligar as ruas S\u00e3o Joaquim no S\u00e3o Vicente e Juca Ces\u00e1rio, no S\u00e3o Jos\u00e9 sobre o rio Itaja\u00ed-Mirim, a obra chegou a 90% de conclus\u00e3o e deve ser entregue ainda no primeiro semestre de 2022, no m\u00eas de maio.<\/p>\n<p>Na Rua Adolfo Batschauer, a ponte que vai fazer a liga\u00e7\u00e3o entre os bairros S\u00e3o Judas e Cidade Nova, uma obra que esteve parada por um bom tempo com a fal\u00eancia da empresa vencedora da licita\u00e7\u00e3o sofreu atrasos, mas foi retomada e a nova previs\u00e3o \u00e9 que seja entregue no primeiro semestre de 2023.<\/p>\n<p>Ded\u00e9 confirmou a coluna que no pr\u00f3ximo dia 11, o munic\u00edpio faz o an\u00fancio oficial e entrega as ordens de servi\u00e7o para um novo pacote de obras estruturantes com um investimento de mais de R$ 30 milh\u00f5es, um dos maiores projetos do financiamento junto ao FONPLATA.<\/p>\n<p>\u201cVamos anunciar uma grande obra de macrodrenagem que vai passar por oito ruas no bairro Cordeiros como as ruas Jovito Anacleto, Od\u00edlio Garcia e S\u00e3o Cristov\u00e3o, al\u00e9m disso, as obras de macrodrenagem tamb\u00e9m v\u00e3o contemplar o bairro Fazenda, na Rua Jo\u00e3o Fernandes Vieira J\u00fanior, uma regi\u00e3o que costumeiramente alaga muito e vamos dar a ordem de servi\u00e7o para a constru\u00e7\u00e3o de mais uma ponte, na localidade do Campeche, resolvendo o problema atual ponte p\u00eansil do local\u201d.<\/p>\n<p>Fechando o papo com o secret\u00e1rio falo sobre o asfalto em Itaja\u00ed, que apesar de chegar na maior parte da cidade j\u00e1 tem problemas com a utiliza\u00e7\u00e3o di\u00e1ria, com o tr\u00e2nsito pesado e um problema comum.<\/p>\n<p>O Semasa (Servi\u00e7o Municipal de \u00c1gua e Saneamento) \u00e9 obrigado a abrir buracos no asfalto para as obras de instala\u00e7\u00e3o de rede de esgoto que est\u00e1 sendo implantado em Itaja\u00ed, depois os buracos s\u00e3o fechados e n\u00e3o totalidade do asfalto ou do cal\u00e7amento no local, causando irregularidade no piso com os remendos que precisam ser recuperados.<\/p>\n<p>Ded\u00e9 comenta que tem trabalho em parceria com o SEMASA e que a ideia \u00e9 logo ap\u00f3s a finaliza\u00e7\u00e3o do servi\u00e7o da autarquia, a equipe da secretaria de Obras j\u00e1 entraria em a\u00e7\u00e3o.<\/p>\n<p>No momento, as obras do esgoto avan\u00e7am pelo bairro S\u00e3o Jo\u00e3o entre as ruas Pedro Rangel e Jos\u00e9 Pereira Liberato que ficaram bastante comprometidas.<\/p>\n<p>\u201cSempre tentamos fazer as interven\u00e7\u00f5es com a equipe de obras, nas ruas que j\u00e1 tem o esgoto e o servi\u00e7o finalizado pelo SEMASA, assim que eles terminam seu trabalho, n\u00f3s entramos em a\u00e7\u00e3o\u201d.<\/p>\n<p>Fonte: Informativo dos Portos<\/p>\n","protected":false},"excerpt":{"rendered":"<p>Seja qual for o tamanho da cidade, ter a responsabilidade de tocar um das pastas mais agitadas da administra\u00e7\u00e3o \u00e9 uma tarefa que exige paci\u00eancia&#8230;<\/p>\n","protected":false},"author":1527,"featured_media":29658,"comment_status":"closed","ping_status":"closed","sticky":false,"template":"","format":"standard","meta":{"footnotes":""},"categories":[6],"tags":[],"class_list":["post-38198","post","type-post","status-publish","format-standard","has-post-thumbnail","hentry","category-noticias"],"_links":{"self":[{"href":"https:\/\/www.sincomam.org.br\/index.php\/wp-json\/wp\/v2\/posts\/38198","targetHints":{"allow":["GET"]}}],"collection":[{"href":"https:\/\/www.sincomam.org.br\/index.php\/wp-json\/wp\/v2\/posts"}],"about":[{"href":"https:\/\/www.sincomam.org.br\/index.php\/wp-json\/wp\/v2\/types\/post"}],"author":[{"embeddable":true,"href":"https:\/\/www.sincomam.org.br\/index.php\/wp-json\/wp\/v2\/users\/1527"}],"replies":[{"embeddable":true,"href":"https:\/\/www.sincomam.org.br\/index.php\/wp-json\/wp\/v2\/comments?post=38198"}],"version-history":[{"count":1,"href":"https:\/\/www.sincomam.org.br\/index.php\/wp-json\/wp\/v2\/posts\/38198\/revisions"}],"predecessor-version":[{"id":38199,"href":"https:\/\/www.sincomam.org.br\/index.php\/wp-json\/wp\/v2\/posts\/38198\/revisions\/38199"}],"wp:featuredmedia":[{"embeddable":true,"href":"https:\/\/www.sincomam.org.br\/index.php\/wp-json\/wp\/v2\/media\/29658"}],"wp:attachment":[{"href":"https:\/\/www.sincomam.org.br\/index.php\/wp-json\/wp\/v2\/media?parent=38198"}],"wp:term":[{"taxonomy":"category","embeddable":true,"href":"https:\/\/www.sincomam.org.br\/index.php\/wp-json\/wp\/v2\/categories?post=38198"},{"taxonomy":"post_tag","embeddable":true,"href":"https:\/\/www.sincomam.org.br\/index.php\/wp-json\/wp\/v2\/tags?post=38198"}],"curies":[{"name":"wp","href":"https:\/\/api.w.org\/{rel}","templated":true}]}}