{"id":38189,"date":"2022-03-09T08:17:44","date_gmt":"2022-03-09T11:17:44","guid":{"rendered":"http:\/\/www.sincomam.org.br\/?p=38189"},"modified":"2022-03-09T08:48:28","modified_gmt":"2022-03-09T11:48:28","slug":"lei-sancionada-preve-retorno-de-gravidas-ao-presencial","status":"publish","type":"post","link":"https:\/\/www.sincomam.org.br\/index.php\/lei-sancionada-preve-retorno-de-gravidas-ao-presencial\/","title":{"rendered":"Lei sancionada prev\u00ea retorno de gr\u00e1vidas ao presencial"},"content":{"rendered":"<p>Um projeto de lei foi sancionado e muda as regras para o afastamento da empregada gestante, inclusive a dom\u00e9stica, das atividades laborais durante o per\u00edodo de pandemia. O texto determina o retorno presencial de trabalhadoras gr\u00e1vidas ap\u00f3s a conclus\u00e3o do esquema vacinal contra a covid-19, com duas doses ou dose \u00fanica (no caso da vacina da Janssen).<\/p>\n<p>A medida foi aprovada de forma definitiva pelo Congresso Nacional em fevereiro, modificando uma lei que estava em vigor desde o ano passado, e que garantia \u00e0s mulheres gr\u00e1vidas o afastamento do trabalho presencial sem preju\u00edzo do sal\u00e1rio.   <\/p>\n<p>A nova lei, que ser\u00e1 publicada no Di\u00e1rio Oficial de quinta-feira (10), estabelece as hip\u00f3teses em que o retorno ao regime presencial \u00e9 obrigat\u00f3rio para mulheres gr\u00e1vidas: encerramento do estado de emerg\u00eancia; ap\u00f3s a vacina\u00e7\u00e3o (a partir do dia em que o Minist\u00e9rio da Sa\u00fade considerar completa a imuniza\u00e7\u00e3o); se ela se recusar a se vacinar contra o novo coronav\u00edrus, com termo de responsabilidade; ou se houver aborto espont\u00e2neo com recebimento do sal\u00e1rio-maternidade nas duas semanas de afastamento garantidas pela Consolida\u00e7\u00e3o das Leis do Trabalho (CLT).<\/p>\n<p>O afastamento do trabalho presencial s\u00f3 continua mantido para a mulher que ainda n\u00e3o tenha completado o ciclo vacinal. <\/p>\n<p>O texto considera que a op\u00e7\u00e3o por n\u00e3o se vacinar \u00e9 uma \u201cexpress\u00e3o do direito fundamental da liberdade de autodetermina\u00e7\u00e3o individual\u201d. Segundo a medida, caso decida por n\u00e3o se imunizar, a gestante deve assinar um termo de responsabilidade e livre consentimento para o exerc\u00edcio do trabalho presencial.<\/p>\n<p>Para os casos em que as atividades presenciais da trabalhadora n\u00e3o possam ser exercidas remotamente, ainda que se altere suas fun\u00e7\u00f5es, respeitadas suas compet\u00eancias e condi\u00e7\u00f5es pessoais, a situa\u00e7\u00e3o deve ser considerada como gravidez de risco at\u00e9 a gestante completar a imuniza\u00e7\u00e3o e poder retornar ao trabalho presencial.<\/p>\n<p>Durante esse per\u00edodo, ela deve receber o sal\u00e1rio-maternidade desde o in\u00edcio do afastamento at\u00e9 120 dias ap\u00f3s o parto ou, se a empresa fizer parte do programa Empresa Cidad\u00e3 de extens\u00e3o da licen\u00e7a, por 180 dias. Entretanto, n\u00e3o poder\u00e1 haver pagamento retroativo \u00e0 data de publica\u00e7\u00e3o da lei.<\/p>\n<p>Fonte: Ag\u00eancia Brasil<\/p>\n","protected":false},"excerpt":{"rendered":"<p>Um projeto de lei foi sancionado e muda as regras para o afastamento da empregada gestante, inclusive a dom\u00e9stica, das atividades laborais durante o per\u00edodo&#8230;<\/p>\n","protected":false},"author":1527,"featured_media":35130,"comment_status":"closed","ping_status":"closed","sticky":false,"template":"","format":"standard","meta":{"footnotes":""},"categories":[6],"tags":[],"class_list":["post-38189","post","type-post","status-publish","format-standard","has-post-thumbnail","hentry","category-noticias"],"_links":{"self":[{"href":"https:\/\/www.sincomam.org.br\/index.php\/wp-json\/wp\/v2\/posts\/38189","targetHints":{"allow":["GET"]}}],"collection":[{"href":"https:\/\/www.sincomam.org.br\/index.php\/wp-json\/wp\/v2\/posts"}],"about":[{"href":"https:\/\/www.sincomam.org.br\/index.php\/wp-json\/wp\/v2\/types\/post"}],"author":[{"embeddable":true,"href":"https:\/\/www.sincomam.org.br\/index.php\/wp-json\/wp\/v2\/users\/1527"}],"replies":[{"embeddable":true,"href":"https:\/\/www.sincomam.org.br\/index.php\/wp-json\/wp\/v2\/comments?post=38189"}],"version-history":[{"count":2,"href":"https:\/\/www.sincomam.org.br\/index.php\/wp-json\/wp\/v2\/posts\/38189\/revisions"}],"predecessor-version":[{"id":38203,"href":"https:\/\/www.sincomam.org.br\/index.php\/wp-json\/wp\/v2\/posts\/38189\/revisions\/38203"}],"wp:featuredmedia":[{"embeddable":true,"href":"https:\/\/www.sincomam.org.br\/index.php\/wp-json\/wp\/v2\/media\/35130"}],"wp:attachment":[{"href":"https:\/\/www.sincomam.org.br\/index.php\/wp-json\/wp\/v2\/media?parent=38189"}],"wp:term":[{"taxonomy":"category","embeddable":true,"href":"https:\/\/www.sincomam.org.br\/index.php\/wp-json\/wp\/v2\/categories?post=38189"},{"taxonomy":"post_tag","embeddable":true,"href":"https:\/\/www.sincomam.org.br\/index.php\/wp-json\/wp\/v2\/tags?post=38189"}],"curies":[{"name":"wp","href":"https:\/\/api.w.org\/{rel}","templated":true}]}}