{"id":38183,"date":"2022-03-09T07:41:32","date_gmt":"2022-03-09T10:41:32","guid":{"rendered":"http:\/\/www.sincomam.org.br\/?p=38183"},"modified":"2022-03-09T07:41:32","modified_gmt":"2022-03-09T10:41:32","slug":"pesquisadores-embarcam-para-expedicao-cientifica-inedita","status":"publish","type":"post","link":"https:\/\/www.sincomam.org.br\/index.php\/pesquisadores-embarcam-para-expedicao-cientifica-inedita\/","title":{"rendered":"Pesquisadores embarcam para expedi\u00e7\u00e3o cient\u00edfica in\u00e9dita"},"content":{"rendered":"<p>Como parte da prepara\u00e7\u00e3o para o in\u00edcio da 110\u00aa Expedi\u00e7\u00e3o Cient\u00edfica, organizada pelo Programa de Pesquisas Cient\u00edficas da Ilha Trindade (PROTRINDADE), o Navio Hidroceanogr\u00e1fico Faroleiro \u201cAlmirante Gra\u00e7a Aranha\u201d recebeu, no dia 7 de mar\u00e7o, em Niteroi (RJ), pesquisadores de universidades brasileiras para uma jornada cient\u00edfica de 31 dias nas Ilhas de Trindade e Martin Vaz. O objetivo da expedi\u00e7\u00e3o \u00e9 realizar estudos clim\u00e1ticos, oceanogr\u00e1ficos, geol\u00f3gicos, hist\u00f3ricos e ambientais. <\/p>\n<p>Os pesquisadores da Universidade Federal do Rio de Janeiro (UFRJ), da Universidade Estadual Paulista J\u00falio de Mesquita Filho (UNESP), da Universidade do Estado do Rio de Janeiro (UERJ) e da Universidade Federal do Rio Grande (FURG) embarcaram no navio ap\u00f3s cumprir os protocolos de seguran\u00e7a estabelecidos em raz\u00e3o da pandemia da COVID-19. <\/p>\n<p>A expedi\u00e7\u00e3o, organizada pela Secretaria da Comiss\u00e3o Interministerial para os Recursos do Mar e pelo Programa de Pesquisas Cient\u00edficas na Ilha da Trindade (PROTRINDADE), \u00e9 a primeira da hist\u00f3ria em que pesquisadores v\u00e3o pernoitar na desabitada Ilha Martin Vaz. O local \u00e9 onde acontece o primeiro nascer do sol do Brasil e fica a aproximadamente 2.400 quil\u00f4metros do continente africano. Descoberta em 1501, localizada no Oceano Atl\u00e2ntico, a aproximadamente 1.200 quil\u00f4metros de Vit\u00f3ria (ES), a ilha possui cerca de 500 metros de di\u00e2metro, tem formato arredondado e seu topo abriga uma vegeta\u00e7\u00e3o predominantemente rasteira. Sua fauna \u00e9 formada por crust\u00e1ceos, aracn\u00eddeos, insetos e aves marinhas migrat\u00f3rias. <\/p>\n<p>Segundo a gerente do PROTRINDADE, Capit\u00e3o de Corveta Vit\u00f3ria R\u00e9gia Coelho Costa, tanto o Arquip\u00e9lago Martin Vaz quanto a Ilha da Trindade s\u00e3o muito importantes para o Pa\u00eds. \u201cA ocupa\u00e7\u00e3o garante ao Brasil a possibilidade de explora\u00e7\u00e3o econ\u00f4mica de uma faixa de 200 milhas n\u00e1uticas, aproximadamente 370 km, ao seu redor. Tudo que existe na \u00e1gua, no solo e subsolo dessa regi\u00e3o pertence aos brasileiros\u201d. <\/p>\n<p>As pesquisas s\u00e3o fundamentais para a gera\u00e7\u00e3o de informa\u00e7\u00f5es que auxiliam no conhecimento do nosso territ\u00f3rio. Os pesquisadores v\u00e3o poder trabalhar em tr\u00eas frentes: no navio da Marinha, no Posto Oceanogr\u00e1fico da Ilha da Trindade (POIT) e no acampamento, em Martin Vaz. \u201cA experi\u00eancia de embarcar com a Marinha e trabalhar na Ilha \u00e9 \u00fanica, sob v\u00e1rios aspectos. Permite darmos continuidade \u00e0 pesquisa e \u00e0 observa\u00e7\u00e3o que existem na regi\u00e3o, desde 2004, e possibilita a compreens\u00e3o do efeito dos oceanos no clima global\u201d, afirmou o pesquisador da UFRJ Luan Schimidel Ramos de Oliveira.<\/p>\n<p>Fonte: Ag\u00eancia Marinha de Not\u00edcias<\/p>\n","protected":false},"excerpt":{"rendered":"<p>Como parte da prepara\u00e7\u00e3o para o in\u00edcio da 110\u00aa Expedi\u00e7\u00e3o Cient\u00edfica, organizada pelo Programa de Pesquisas Cient\u00edficas da Ilha Trindade (PROTRINDADE), o Navio Hidroceanogr\u00e1fico Faroleiro&#8230;<\/p>\n","protected":false},"author":1527,"featured_media":38184,"comment_status":"closed","ping_status":"closed","sticky":false,"template":"","format":"standard","meta":{"footnotes":""},"categories":[6],"tags":[],"class_list":["post-38183","post","type-post","status-publish","format-standard","has-post-thumbnail","hentry","category-noticias"],"_links":{"self":[{"href":"https:\/\/www.sincomam.org.br\/index.php\/wp-json\/wp\/v2\/posts\/38183","targetHints":{"allow":["GET"]}}],"collection":[{"href":"https:\/\/www.sincomam.org.br\/index.php\/wp-json\/wp\/v2\/posts"}],"about":[{"href":"https:\/\/www.sincomam.org.br\/index.php\/wp-json\/wp\/v2\/types\/post"}],"author":[{"embeddable":true,"href":"https:\/\/www.sincomam.org.br\/index.php\/wp-json\/wp\/v2\/users\/1527"}],"replies":[{"embeddable":true,"href":"https:\/\/www.sincomam.org.br\/index.php\/wp-json\/wp\/v2\/comments?post=38183"}],"version-history":[{"count":1,"href":"https:\/\/www.sincomam.org.br\/index.php\/wp-json\/wp\/v2\/posts\/38183\/revisions"}],"predecessor-version":[{"id":38185,"href":"https:\/\/www.sincomam.org.br\/index.php\/wp-json\/wp\/v2\/posts\/38183\/revisions\/38185"}],"wp:featuredmedia":[{"embeddable":true,"href":"https:\/\/www.sincomam.org.br\/index.php\/wp-json\/wp\/v2\/media\/38184"}],"wp:attachment":[{"href":"https:\/\/www.sincomam.org.br\/index.php\/wp-json\/wp\/v2\/media?parent=38183"}],"wp:term":[{"taxonomy":"category","embeddable":true,"href":"https:\/\/www.sincomam.org.br\/index.php\/wp-json\/wp\/v2\/categories?post=38183"},{"taxonomy":"post_tag","embeddable":true,"href":"https:\/\/www.sincomam.org.br\/index.php\/wp-json\/wp\/v2\/tags?post=38183"}],"curies":[{"name":"wp","href":"https:\/\/api.w.org\/{rel}","templated":true}]}}