{"id":38161,"date":"2022-03-08T09:52:12","date_gmt":"2022-03-08T12:52:12","guid":{"rendered":"http:\/\/www.sincomam.org.br\/?p=38161"},"modified":"2022-03-08T09:56:38","modified_gmt":"2022-03-08T12:56:38","slug":"antaqa-audiencia-virtual-sobre-encaminhamento-de-viagem-nos-termos-do-br-do-mar-nesta-quinta-feira","status":"publish","type":"post","link":"https:\/\/www.sincomam.org.br\/index.php\/antaqa-audiencia-virtual-sobre-encaminhamento-de-viagem-nos-termos-do-br-do-mar-nesta-quinta-feira\/","title":{"rendered":"Cidade do Rio de Janeiro suspende uso de m\u00e1scara"},"content":{"rendered":"<p>O munic\u00edpio do Rio de Janeiro vai aboliu, o uso de m\u00e1scaras em locais abertos e fechados. A decis\u00e3o partiu de uma recomenda\u00e7\u00e3o do Comit\u00ea Cient\u00edfico da prefeitura, em reuni\u00e3o esta manh\u00e3. Em seu perfil no Twitter, o prefeito Eduardo Paes anunciou que a medida ser\u00e1 publicada na edi\u00e7\u00e3o do Di\u00e1rio Oficial do munic\u00edpio. \u201cCumprindo as determina\u00e7\u00f5es do Comit\u00ea Cient\u00edfico amanh\u00e3 sai decreto acabando com a obrigatoriedade de m\u00e1scaras em espa\u00e7os abertos e fechados\u201d, escreveu na rede social.<\/p>\n<p>Na mensagem, Paes acrescentou que tamb\u00e9m em tr\u00eas semanas n\u00e3o ser\u00e1 mais necess\u00e1ria a apresenta\u00e7\u00e3o do passaporte de vacina\u00e7\u00e3o. Junto \u00e0s duas medidas, a prefeitura vai incentivar a vacina\u00e7\u00e3o das doses de refor\u00e7o. \u201cCom um esfor\u00e7o para vacinar aqueles que podem tomar dose de refor\u00e7o, em 3 semanas acabamos tb com o passaporte\u201d, informou.<\/p>\n<p>Na quinta-feira (3), um decreto do governador Cl\u00e1udio Castro, publicado no Di\u00e1rio Oficial, suspendeu o uso de m\u00e1scara de prote\u00e7\u00e3o contra a covid-19 no estado do Rio de Janeiro, deixando a decis\u00e3o para cada munic\u00edpio. No entendimento do governo estadual, as melhoras sucessivas no cen\u00e1rio epidemiol\u00f3gico da doen\u00e7a no estado permitem o fim da obrigatoriedade.<\/p>\n<p>O governo fluminense levou ainda em considera\u00e7\u00e3o a elevada cobertura vacinal contra a covid-19 no estado e o avan\u00e7o da imuniza\u00e7\u00e3o para todas as faixas et\u00e1rias maiores de 5 anos de idade nos 92 munic\u00edpios fluminenses.<\/p>\n<p>Fonte: Ag\u00eancia Brasil<\/p>\n","protected":false},"excerpt":{"rendered":"<p>O munic\u00edpio do Rio de Janeiro vai aboliu, o uso de m\u00e1scaras em locais abertos e fechados. A decis\u00e3o partiu de uma recomenda\u00e7\u00e3o do Comit\u00ea&#8230;<\/p>\n","protected":false},"author":1527,"featured_media":30277,"comment_status":"closed","ping_status":"closed","sticky":false,"template":"","format":"standard","meta":{"footnotes":""},"categories":[6],"tags":[],"class_list":["post-38161","post","type-post","status-publish","format-standard","has-post-thumbnail","hentry","category-noticias"],"_links":{"self":[{"href":"https:\/\/www.sincomam.org.br\/index.php\/wp-json\/wp\/v2\/posts\/38161","targetHints":{"allow":["GET"]}}],"collection":[{"href":"https:\/\/www.sincomam.org.br\/index.php\/wp-json\/wp\/v2\/posts"}],"about":[{"href":"https:\/\/www.sincomam.org.br\/index.php\/wp-json\/wp\/v2\/types\/post"}],"author":[{"embeddable":true,"href":"https:\/\/www.sincomam.org.br\/index.php\/wp-json\/wp\/v2\/users\/1527"}],"replies":[{"embeddable":true,"href":"https:\/\/www.sincomam.org.br\/index.php\/wp-json\/wp\/v2\/comments?post=38161"}],"version-history":[{"count":3,"href":"https:\/\/www.sincomam.org.br\/index.php\/wp-json\/wp\/v2\/posts\/38161\/revisions"}],"predecessor-version":[{"id":38164,"href":"https:\/\/www.sincomam.org.br\/index.php\/wp-json\/wp\/v2\/posts\/38161\/revisions\/38164"}],"wp:featuredmedia":[{"embeddable":true,"href":"https:\/\/www.sincomam.org.br\/index.php\/wp-json\/wp\/v2\/media\/30277"}],"wp:attachment":[{"href":"https:\/\/www.sincomam.org.br\/index.php\/wp-json\/wp\/v2\/media?parent=38161"}],"wp:term":[{"taxonomy":"category","embeddable":true,"href":"https:\/\/www.sincomam.org.br\/index.php\/wp-json\/wp\/v2\/categories?post=38161"},{"taxonomy":"post_tag","embeddable":true,"href":"https:\/\/www.sincomam.org.br\/index.php\/wp-json\/wp\/v2\/tags?post=38161"}],"curies":[{"name":"wp","href":"https:\/\/api.w.org\/{rel}","templated":true}]}}