{"id":38146,"date":"2022-03-07T10:05:26","date_gmt":"2022-03-07T13:05:26","guid":{"rendered":"http:\/\/www.sincomam.org.br\/?p=38146"},"modified":"2022-03-07T10:05:26","modified_gmt":"2022-03-07T13:05:26","slug":"museu-de-mariana-inicia-programa-resgatando-a-historia","status":"publish","type":"post","link":"https:\/\/www.sincomam.org.br\/index.php\/museu-de-mariana-inicia-programa-resgatando-a-historia\/","title":{"rendered":"Museu de Mariana inicia programa Resgatando a Hist\u00f3ria"},"content":{"rendered":"<p>O Museu de Mariana, localizado na cidade hist\u00f3rica do mesmo nome, em Minas Gerais, dever\u00e1 ter sua primeira unidade funcionando para o p\u00fablico no pr\u00f3ximo ano. A expectativa \u00e9 que ainda em 2023, a segunda unidade esteja pronta para tamb\u00e9m entrar em opera\u00e7\u00e3o.<\/p>\n<p>A obra, que ter\u00e1 apoio financeiro do Banco Nacional de Desenvolvimento Econ\u00f4mico e Social (BNDES) no valor de R$ 3,075 milh\u00f5es, prev\u00ea restaura\u00e7\u00e3o f\u00edsica de um im\u00f3vel constru\u00eddo no s\u00e9culo 18, na Rua Direita, onde funcionar\u00e1 a segunda unidade do equipamento cultural. Os recursos, n\u00e3o reembols\u00e1veis, ser\u00e3o aplicados tamb\u00e9m em a\u00e7\u00f5es de educa\u00e7\u00e3o patrimonial e no desenvolvimento de um roteiro tur\u00edstico da cidade, antiga capital mineira.<\/p>\n<p>Com valor total de R$ 6,15 milh\u00f5es, o projeto ser\u00e1 desenvolvido pelo Instituto Pedra, organiza\u00e7\u00e3o sem fins lucrativos, em parceria com o munic\u00edpio de Mariana. O restante ser\u00e1 dividido entre o Instituto Cultural Vale (R$ 2,02 milh\u00f5es), o munic\u00edpio de Mariana (R$ 783,24 mil) e o Instituto Pedra (R$ 267 mil), que desenvolveu o projeto arquitet\u00f4nico.<\/p>\n<p>O projeto \u00e9 o primeiro aprovado entre 21 propostas pr\u00e9-selecionadas pela chamada Resgatando a Hist\u00f3ria 2021, programa do BNDES em parceria com a iniciativa privada que aplicar\u00e1 em torno de R$ 309,8 milh\u00f5es em trabalhos de restauro e conserva\u00e7\u00e3o no pa\u00eds. A lista dos 21 projetos pr\u00e9-selecionados e dos que comp\u00f5em o cadastro de reserva est\u00e1 dispon<a href=\"https:\/\/www.bndes.gov.br\/wps\/portal\/site\/home\/onde-atuamos\/cultura-e-economia-criativa\/patrimonio-cultural-brasileiro\/resgatando-a-historia\/!ut\/p\/z1\/xVNLU9swEP4tPfioSPUjEdzcTNtMG8qbJL5kZEe21bG1RlrHwK9nEzgxQKbDMNVFo318D0nLM77kmVVbUyk0YFVD51U2Xs-Pfn-fxadifnoxkyKdT-dXZz-kOEsTfsMznhUWO6z5Krcb7dfGejTYF3uEQNTQ6kAApZjCXrXgA1H0DfZOMV2AhdYoVjhDlFsViE6hMy1YA-vnqmadO-Vno42DQDjtSZ2yG2CK1cYjUOtORFeYDV_FUSR1VIasSKKExdFkzGS8ESzMw8m4zGUSxoIvDrnKKC3eWOmuPztUsiKKyZsU5zFfbI0e-LUF19I9X_6jg9lBhuSDDO_Dj8XnwoefC__1g_C_9s__zgeiuQndyfSkIliFNTO2BL58_e9Srfl7e5ulNEhgUd8hX_6_SSJrVQP50-ynNo8keXC61E67Ue8oXCN2_jgQgRiGYbRXOqpgO8odRTrS1IHDnV5vUD-pfg2rBk9GX0Lwrm1ldM_sw7c_7Oc0l8NV2T5vC4nyPmqqL49u0BC0\/dz\/d5\/L2dBISEvZ0FBIS9nQSEh\/\">\u00edvel neste link.<\/a><\/p>\n<p><strong>Museografia<\/strong><br \/>\nO diretor adjunto do Instituto Pedra, Norton Ficarelli, respons\u00e1vel pela primeira unidade do museu, disse \u00e0 Ag\u00eancia Brasil que as obras de restauro arquitet\u00f4nico da Casa do Conde de Assumar foram conclu\u00eddas no fim do ano passado e que, ao longo do ano de 2022, come\u00e7am os procedimentos para implanta\u00e7\u00e3o da museografia e expografia desse espa\u00e7o cultural.<\/p>\n<p>Decreto da prefeitura de Mariana criou o museu em termos jur\u00eddicos e institucionais neste ano. \u201cA primeira unidade deve ficar pronta em 2023 e vai contar a hist\u00f3ria da cidade desde a sua origem at\u00e9 o in\u00edcio do s\u00e9culo 20\u201d, disse Ficarelli.<\/p>\n<p>A segunda unidade, que funcionar\u00e1 em um casar\u00e3o na Rua Direita, foi selecionada pelo programa Resgatando a Hist\u00f3ria. Ali, o escopo \u00e9 semelhante ao da Casa do Conde de Assumar, explicou o diretor do Instituto Pedra. As obras incluem o restauro do im\u00f3vel, cujo projeto arquitet\u00f4nico foi feito pelo pr\u00f3prio instituto, e a implanta\u00e7\u00e3o da museografia, \u201cporque o casar\u00e3o \u00e9 complementar \u00e0 primeira unidade do museu\u201d.A unidade \u00e9 menor do que a Casa do Conde de Assumar e ser\u00e1 focada na hist\u00f3ria da cidade nos s\u00e9culos 20 e 21, at\u00e9 o desastre da Barragem de Mariana.<\/p>\n<p>O projeto museogr\u00e1fico da primeira parte do museu j\u00e1 foi conclu\u00eddo. A produ\u00e7\u00e3o \u00e9 da empresa Expomos, contratada pela prefeitura local, que est\u00e1 produzindo tamb\u00e9m o projeto da segunda unidade. Ficarelli explicou que o projeto cultural da Rua Direita ser\u00e1 viabilizado pela Lei de Incentivo \u00e0 Cultura \u2013 Lei Rouanet e tem que estar aprovado para receber os recursos do BNDES.<\/p>\n<p>De acordo com Ficarelli, o projeto j\u00e1 teve aprova\u00e7\u00e3o inicial pela Lei de Incentivo \u00e0 Cultura e, nos pr\u00f3ximos meses, passar\u00e1 por an\u00e1lise or\u00e7ament\u00e1ria, de escopo e jur\u00eddica da Secretaria Nacional de Cultura, junto com o Instituto do Patrim\u00f4nio Hist\u00f3rico e Art\u00edstico Nacional (Iphan). Com a aprova\u00e7\u00e3o final, o projeto estar\u00e1 apto a receber os recursos. O contrato com o banco ainda n\u00e3o foi assinado.<\/p>\n<p>O diretor do Instituto Pedra espera que o projeto da segunda unidade do Museu de Mariana comece no segundo semestre deste ano, com as obras de restauro. O t\u00e9rmino do empreendimento est\u00e1 previsto para o fim de 2023. Ap\u00f3s a conclus\u00e3o dos trabalhos, a prefeitura de Mariana assumir\u00e1 a gest\u00e3o do museu.<\/p>\n<p><strong>Patrim\u00f4nio<\/strong><br \/>\nO diretor de Cr\u00e9dito Produtivo e Socioambiental do BNDES. Bruno Aranha, destacou que Mariana tem importante conjunto arquitet\u00f4nico colonial brasileiro, reconhecido como patrim\u00f4nio nacional desde 1938. Ele disse que o banco j\u00e1 apoia diversas iniciativas no munic\u00edpio e que a implanta\u00e7\u00e3o do Museu de Mariana complementar\u00e1 essa atua\u00e7\u00e3o, \u201cpermitindo compreender a cidade como legado patrimonial.<\/p>\n<p>Com a\u00e7\u00f5es voltadas para educa\u00e7\u00e3o patrimonial e o desenvolvimento de um programa tur\u00edstico no centro hist\u00f3rico, o BNDES vai contribuir para a diversifica\u00e7\u00e3o econ\u00f4mica do munic\u00edpio, que hoje est\u00e1 concentrado na minera\u00e7\u00e3o, acrescentou Aranha.<\/p>\n<p><strong>Desastre<\/strong><br \/>\nA restaura\u00e7\u00e3o do casar\u00e3o da Rua Direita, onde funcionar\u00e1 a segunda unidade do Museu de Mariana, complementa a recupera\u00e7\u00e3o da Casa Conde de Assumar. O projeto envolve implanta\u00e7\u00e3o de espa\u00e7o para exposi\u00e7\u00f5es, instala\u00e7\u00e3o de audit\u00f3rio, adequa\u00e7\u00e3o do espa\u00e7o para portadores de necessidades especiais e a\u00e7\u00f5es de preven\u00e7\u00e3o e combate a inc\u00eandios, entre outras iniciativas, informou o BNDES.<\/p>\n<p>No local, dever\u00e3o ser realizadas exposi\u00e7\u00f5es que contem principalmente a hist\u00f3ria do munic\u00edpio a partir do s\u00e9culo 20, considerando aspectos pol\u00edticos, econ\u00f4micos, sociais e culturais, com destaque para as atividades de minera\u00e7\u00e3o e suas rela\u00e7\u00f5es com a regi\u00e3o.<\/p>\n<p>Entre os temas que dever\u00e3o ser abordados, est\u00e1 o desastre ambiental provocado pelo rompimento de uma barragem de rejeitos de minera\u00e7\u00e3o no distrito de Bento Rodrigues, em 2015. Os impactos da trag\u00e9dia s\u00e3o sentidos at\u00e9 hoje no munic\u00edpio.<\/p>\n<p>O projeto expogr\u00e1fico (conjunto de t\u00e9cnicas para desenvolvimento de uma exposi\u00e7\u00e3o) prev\u00ea uso de conte\u00fados multim\u00eddia, como dispositivos interativos e audiovisuais.<\/p>\n<p>Programa<br \/>\nO programa Resgatando a Hist\u00f3ria \u00e9 uma a\u00e7\u00e3o conjunta do BNDES, da empresa de bebidas Ambev, do Instituto Neoenergia e do Instituto Cultural Vale, entre outras entidades, e tem o objetivo de viabilizar apoio a 21 projetos de restauro e revitaliza\u00e7\u00e3o do patrim\u00f4nio hist\u00f3rico nacional escolhidos por meio de sele\u00e7\u00e3o p\u00fablica.<\/p>\n<p>Os aportes do BNDES s\u00e3o oriundos do Fundo Cultural da institui\u00e7\u00e3o e podem contar com incentivos fiscais da Lei Federal de Incentivo \u00e0 Cultura, desde que os projetos sejam aprovados no Programa Nacional de Incentivo \u00e0 Cultura (Pronac), o que constitui condi\u00e7\u00e3o pr\u00e9via para a aprova\u00e7\u00e3o final e o desembolso dos recursos.<\/p>\n<p>As propostas provenientes das regi\u00f5es Norte e Nordeste poder\u00e3o contar com maior participa\u00e7\u00e3o financeira do banco, visando refletir as regras da sele\u00e7\u00e3o, que buscam estimular as iniciativas regionais com mais dificuldade de capta\u00e7\u00e3o.<\/p>\n<p>Ao longo dos \u00faltimos 24 anos, o BNDES investiu mais de R$ 600 milh\u00f5es em projetos de restauro, preserva\u00e7\u00e3o e revitaliza\u00e7\u00e3o de cerca de 200 monumentos localizados em todas as regi\u00f5es do pa\u00eds.<\/p>\n<p>Fonte: Ag\u00eancia Brasil<\/p>\n","protected":false},"excerpt":{"rendered":"<p>O Museu de Mariana, localizado na cidade hist\u00f3rica do mesmo nome, em Minas Gerais, dever\u00e1 ter sua primeira unidade funcionando para o p\u00fablico no pr\u00f3ximo&#8230;<\/p>\n","protected":false},"author":1527,"featured_media":38147,"comment_status":"closed","ping_status":"closed","sticky":false,"template":"","format":"standard","meta":{"footnotes":""},"categories":[6],"tags":[],"class_list":["post-38146","post","type-post","status-publish","format-standard","has-post-thumbnail","hentry","category-noticias"],"_links":{"self":[{"href":"https:\/\/www.sincomam.org.br\/index.php\/wp-json\/wp\/v2\/posts\/38146","targetHints":{"allow":["GET"]}}],"collection":[{"href":"https:\/\/www.sincomam.org.br\/index.php\/wp-json\/wp\/v2\/posts"}],"about":[{"href":"https:\/\/www.sincomam.org.br\/index.php\/wp-json\/wp\/v2\/types\/post"}],"author":[{"embeddable":true,"href":"https:\/\/www.sincomam.org.br\/index.php\/wp-json\/wp\/v2\/users\/1527"}],"replies":[{"embeddable":true,"href":"https:\/\/www.sincomam.org.br\/index.php\/wp-json\/wp\/v2\/comments?post=38146"}],"version-history":[{"count":1,"href":"https:\/\/www.sincomam.org.br\/index.php\/wp-json\/wp\/v2\/posts\/38146\/revisions"}],"predecessor-version":[{"id":38148,"href":"https:\/\/www.sincomam.org.br\/index.php\/wp-json\/wp\/v2\/posts\/38146\/revisions\/38148"}],"wp:featuredmedia":[{"embeddable":true,"href":"https:\/\/www.sincomam.org.br\/index.php\/wp-json\/wp\/v2\/media\/38147"}],"wp:attachment":[{"href":"https:\/\/www.sincomam.org.br\/index.php\/wp-json\/wp\/v2\/media?parent=38146"}],"wp:term":[{"taxonomy":"category","embeddable":true,"href":"https:\/\/www.sincomam.org.br\/index.php\/wp-json\/wp\/v2\/categories?post=38146"},{"taxonomy":"post_tag","embeddable":true,"href":"https:\/\/www.sincomam.org.br\/index.php\/wp-json\/wp\/v2\/tags?post=38146"}],"curies":[{"name":"wp","href":"https:\/\/api.w.org\/{rel}","templated":true}]}}