{"id":38138,"date":"2022-03-07T09:50:43","date_gmt":"2022-03-07T12:50:43","guid":{"rendered":"http:\/\/www.sincomam.org.br\/?p=38138"},"modified":"2022-03-07T09:50:43","modified_gmt":"2022-03-07T12:50:43","slug":"imposto-de-renda-prazo-para-entregar-a-declaracao-comeca-nesta-segunda","status":"publish","type":"post","link":"https:\/\/www.sincomam.org.br\/index.php\/imposto-de-renda-prazo-para-entregar-a-declaracao-comeca-nesta-segunda\/","title":{"rendered":"Imposto de Renda: prazo para entregar a declara\u00e7\u00e3o come\u00e7a nesta segunda"},"content":{"rendered":"<p>A Receita Federal come\u00e7a a receber nesta segunda-feira (7) a Declara\u00e7\u00e3o do Imposto de Renda Pessoa F\u00edsica 2022 \u2013 ano base 2021. O prazo vai at\u00e9 o dia 29 de abril, mas quanto mais anteced\u00eancia no envio, mais vantagens o contribuinte pode ter.<\/p>\n<p>Uma das principais \u00e9 ter mais chances de receber a restitui\u00e7\u00e3o, caso tenha direito, nos primeiros lotes de pagamento. O contribuinte tamb\u00e9m ganha mais tempo para identificar e corrigir eventuais erros, evitando cair na malha-fina. Sem contar que, no fim do prazo, ele corre o risco de enfrentar lentid\u00e3o no sistema online usado para transmitir a declara\u00e7\u00e3o.<\/p>\n<p>O programa para fazer a declara\u00e7\u00e3o deve ser baixado no site da Receita Federal <a href=\"https:\/\/www.gov.br\/receitafederal\/pt-br\/centrais-de-conteudo\/download\/pgd\/dirpf\">(clique aqui para acessar)<\/a>.<\/p>\n<p>As restitui\u00e7\u00f5es come\u00e7ar\u00e3o a ser pagas no fim de maio e v\u00e3o at\u00e9 setembro \u2013 s\u00e3o cinco lotes de pagamento, um por m\u00eas.<\/p>\n<p>A estimativa da Receita Federal \u00e9 que sejam entregues este ano cerca de 34,1 milh\u00f5es de declara\u00e7\u00f5es. Quem \u00e9 obrigado a declarar e n\u00e3o o fizer, ou enviar fora do prazo, ter\u00e1 que pagar multa de, no m\u00ednimo, R$ 165,74, e, no m\u00e1ximo, o correspondente a 20% do imposto devido.<\/p>\n<p><strong>\u00c9 obrigado a declarar o Imposto de Renda, em 2022:<\/strong><\/p>\n<p>quem recebeu rendimentos tribut\u00e1veis acima de R$ 28.559,70 em 2021. O valor \u00e9 o mesmo da declara\u00e7\u00e3o do IR do ano passado. ATEN\u00c7\u00c3O: o Aux\u00edlio Emergencial \u00e9 considerado rendimento tribut\u00e1tel;<br \/>\ncontribuintes que receberam rendimentos isentos, n\u00e3o-tribut\u00e1veis ou tributados exclusivamente na fonte, cuja soma tenha sido superior a R$ 40 mil no ano passado;<br \/>\nquem obteve, em qualquer m\u00eas de 2021, ganho de capital na aliena\u00e7\u00e3o de bens ou direitos, sujeito \u00e0 incid\u00eancia do imposto, ou realizou opera\u00e7\u00f5es em bolsas de valores, de mercadorias, de futuros e assemelhadas;<br \/>\nquem teve, em 2021, receita bruta em valor superior a R$ 142.798,50 em atividade rural;<br \/>\nquem tinha, at\u00e9 31 de dezembro de 2021, a posse ou a propriedade de bens ou direitos, inclusive terra nua, de valor total superior a R$ 300 mil;<br \/>\nquem passou para a condi\u00e7\u00e3o de residente no Brasil em qualquer m\u00eas e se encontrava nessa condi\u00e7\u00e3o at\u00e9 31 de dezembro de 2021;<br \/>\nquem teve isen\u00e7\u00e3o de imposto sobre o ganho de capital na venda de im\u00f3veis residenciais, seguido de aquisi\u00e7\u00e3o de outro im\u00f3vel residencial no prazo de 180 dias.<br \/>\nPreenchimento e entrega da declara\u00e7\u00e3o<br \/>\nTanto o preenchimento quanto a entrega da declara\u00e7\u00e3o podem ser feitas por meio do programa gerador do Imposto de Renda 2022, referente ao ano-base 2021.<\/p>\n<p>O programa tem vers\u00f5es dispon\u00edveis para computador e celular. O preenchimento em dispositivos m\u00f3veis, no entanto, n\u00e3o pode ser feito em alguns casos: contribuintes que tenham recebido rendimento tribut\u00e1vel ou n\u00e3o superior a R$ 5 milh\u00f5es em 2021; do exterior; relativo a recupera\u00e7\u00e3o da parcela isenta da atividade rural ou correspondente a lucro em venda de im\u00f3vel residencial para aquisi\u00e7\u00e3o de outro im\u00f3vel.<\/p>\n<p>A declara\u00e7\u00e3o tamb\u00e9m poder\u00e1 ser feita online, na p\u00e1gina &#8220;Meu Imposto de Renda&#8221;, acessando o portal e-Cac <a href=\"https:\/\/cav.receita.fazenda.gov.br\/autenticacao\/login\/index\/107\">(clique aqui para acessar)<\/a>.<\/p>\n<p><strong>Declara\u00e7\u00f5es pr\u00e9-preenchidas<\/strong><br \/>\nA declara\u00e7\u00e3o pr\u00e9-preenchida ficar\u00e1 dispon\u00edvel para qualquer contribuinte que possua conta gov.br nos n\u00edveis ouro ou prata a partir do dia 15 de mar\u00e7o. Ela pode ser feita tanto pelo e-CAC, quanto em compitadores, celulares e tablets.<\/p>\n<p>A declara\u00e7\u00e3o pr\u00e9-preenchida j\u00e1 traz inclusas diversas informa\u00e7\u00f5es prestadas \u00e0 Receita Federal por outras fontes. O contribuinte precisa apenas verificar, corrigir eventuais distor\u00e7\u00f5es ou complementar os dados. Imposto retido na fonte e declara\u00e7\u00f5es de servi\u00e7os m\u00e9dicos, por exemplo, podem ser inclu\u00eddos previamente pelo sistema.<\/p>\n<p><strong>Aux\u00edlio Emergencial<\/strong><br \/>\nO aux\u00edlio emergencial recebido em 2021 \u00e9 considerado um rendimento tribut\u00e1vel pelo Fisco. Desse modo, se junto com demais rendimentos o valor ultrapassar o patamar de R$ 28.559,70 recebido no ano passado, o contribuinte \u00e9 obrigado a declarar IR.<\/p>\n<p>Fonte: G1<\/p>\n","protected":false},"excerpt":{"rendered":"<p>A Receita Federal come\u00e7a a receber nesta segunda-feira (7) a Declara\u00e7\u00e3o do Imposto de Renda Pessoa F\u00edsica 2022 \u2013 ano base 2021. O prazo vai&#8230;<\/p>\n","protected":false},"author":1527,"featured_media":34011,"comment_status":"closed","ping_status":"closed","sticky":false,"template":"","format":"standard","meta":{"footnotes":""},"categories":[6],"tags":[],"class_list":["post-38138","post","type-post","status-publish","format-standard","has-post-thumbnail","hentry","category-noticias"],"_links":{"self":[{"href":"https:\/\/www.sincomam.org.br\/index.php\/wp-json\/wp\/v2\/posts\/38138","targetHints":{"allow":["GET"]}}],"collection":[{"href":"https:\/\/www.sincomam.org.br\/index.php\/wp-json\/wp\/v2\/posts"}],"about":[{"href":"https:\/\/www.sincomam.org.br\/index.php\/wp-json\/wp\/v2\/types\/post"}],"author":[{"embeddable":true,"href":"https:\/\/www.sincomam.org.br\/index.php\/wp-json\/wp\/v2\/users\/1527"}],"replies":[{"embeddable":true,"href":"https:\/\/www.sincomam.org.br\/index.php\/wp-json\/wp\/v2\/comments?post=38138"}],"version-history":[{"count":1,"href":"https:\/\/www.sincomam.org.br\/index.php\/wp-json\/wp\/v2\/posts\/38138\/revisions"}],"predecessor-version":[{"id":38139,"href":"https:\/\/www.sincomam.org.br\/index.php\/wp-json\/wp\/v2\/posts\/38138\/revisions\/38139"}],"wp:featuredmedia":[{"embeddable":true,"href":"https:\/\/www.sincomam.org.br\/index.php\/wp-json\/wp\/v2\/media\/34011"}],"wp:attachment":[{"href":"https:\/\/www.sincomam.org.br\/index.php\/wp-json\/wp\/v2\/media?parent=38138"}],"wp:term":[{"taxonomy":"category","embeddable":true,"href":"https:\/\/www.sincomam.org.br\/index.php\/wp-json\/wp\/v2\/categories?post=38138"},{"taxonomy":"post_tag","embeddable":true,"href":"https:\/\/www.sincomam.org.br\/index.php\/wp-json\/wp\/v2\/tags?post=38138"}],"curies":[{"name":"wp","href":"https:\/\/api.w.org\/{rel}","templated":true}]}}