{"id":3813,"date":"2014-02-25T09:06:34","date_gmt":"2014-02-25T12:06:34","guid":{"rendered":"http:\/\/www.sincomam.org.br\/?p=3813"},"modified":"2014-02-25T09:06:34","modified_gmt":"2014-02-25T12:06:34","slug":"prumo-ex-llx-muda-de-endereco-para-descolar-da-ebx","status":"publish","type":"post","link":"https:\/\/www.sincomam.org.br\/index.php\/prumo-ex-llx-muda-de-endereco-para-descolar-da-ebx\/","title":{"rendered":"Prumo, ex-LLX, muda de endere\u00e7o para descolar da EBX"},"content":{"rendered":"<p>A Prumo, ex-LLX, est\u00e1 de mudan\u00e7a do hist\u00f3rico Edif\u00edcio Serrador, no Centro do Rio. A empresa vai ocupar o 5\u00ba andar do pr\u00e9dio da antiga Rede Manchete e da editora Bloch, no bairro da Gl\u00f3ria. A troca de endere\u00e7o \u00e9 mais um passo para descolar sua imagem do grupo EBX, de Eike Batista. Fundador da companhia, o empres\u00e1rio teve sua fatia reduzida a 20,9% depois da venda do controle para a americana EIG Global Energy Partners, em outubro.<\/p>\n<p>Dois meses depois a gestora americana rebatizou a LLX como Prumo Log\u00edstica Global. As mudan\u00e7as de gest\u00e3o implementadas pela EIG foram coroadas com o an\u00fancio de um novo comando para a empresa. O eleito foi o engenheiro Eduardo Parente, ex-CEO da MRS Log\u00edstica e novo presidente da Prumo desde o dia 17.<\/p>\n<p>Projetado por Oscar Niemeyer em 1965, o Edif\u00edcio Manchete ficou desativado ap\u00f3s a fal\u00eancia da Bloch Editores, decretada em 2000. Dez anos depois a BR Properties assumiu e reformou seus 12 andares, hoje ocupados por escrit\u00f3rios de companhias como a estatal norueguesa Statoil. A Prumo ter\u00e1 cerca de cem funcion\u00e1rios trabalhando no local ap\u00f3s a quarta-feira de cinzas. Outros 50 est\u00e3o alocados no Porto do A\u00e7u, em S\u00e3o Jo\u00e3o da Barra, no norte fluminense.<\/p>\n<p>A LLX\/Prumo era a \u00faltima empresa do imp\u00e9rio X ainda em funcionamento no Serrador. No in\u00edcio de fevereiro a \u00d3leo e G\u00e1s Participa\u00e7\u00f5es (ex-OGX) passou a ocupar tr\u00eas andares na rua do Passeio, 56. A holding EBX, o estaleiro OSX, a mineradora MMX e a Eneva (ex-MPX) voltaram ao pr\u00e9dio da Praia do Flamengo 66, na zona sul carioca, onde a trajet\u00f3ria do grupo come\u00e7ou.<\/p>\n<p><b>Planos para o A\u00e7u<\/b><\/p>\n<p>Focada em projetos na \u00e1rea de energia e infraestrutura, a EIG tem US$ 16,1 bilh\u00f5es sob gest\u00e3o em 34 pa\u00edses. A Prumo \u00e9 o primeiro neg\u00f3cio em que o grupo entra como acionista majorit\u00e1rio (52,8%) e por isso tem prioridade dentro de seu portf\u00f3lio. Ap\u00f3s uma inje\u00e7\u00e3o de R$ 1,3 bilh\u00e3o via aumento de capital, a companhia conseguiu na semana passada a aprova\u00e7\u00e3o de um empr\u00e9stimo-ponte de R$ 1,8 bilh\u00e3o junto ao Banco Nacional de Desenvolvimento Econ\u00f4mico e Social (BNDES). \u00c9 o primeiro passo para viabilizar um financiamento de longo prazo.<\/p>\n<p>O dinheiro do banco de fomento ser\u00e1 usado para operacionalizar a rolagem de d\u00edvidas de curto prazo e para dar f\u00f4lego \u00e0s obras no A\u00e7u. A expectativa da Prumo \u00e9 que o complexo tenha em funcionamento nos pr\u00f3ximos tr\u00eas anos um terminal de min\u00e9rio de ferro (TX1) com capacidade de embarque de 26 milh\u00f5es a 30 milh\u00f5es de toneladas anuais da commodity, uma retro\u00e1rea de 90 Km\u00b2, compar\u00e1vel \u00e0 do Porto de Roterd\u00e3 (105 Km\u00b2) e 13 ber\u00e7os offshore.<\/p>\n<p>A estimativa \u00e9 que a Prumo tenha fechado 2013 com uma receita de aproximadamente R$ 60 milh\u00f5es, resultante do aluguel de \u00e1reas para nove empresas. Em 2014 a companhia dever\u00e1 agregar \u00e0 linha de receita ganhos com a movimenta\u00e7\u00e3o de cargas. S\u00f3 da LLX Minas-Rio, parceria com a Anglo American, vir\u00e1 uma receita de pelo menos US$ 95 milh\u00f5es este ano, com o in\u00edcio do contrato de embarque de min\u00e9rio com a mineradora, em julho &#8211; o contrato anual cheio garante receita de US$ 190 milh\u00f5es.As empresas Technip e a fabricante de tubos <i>National Oilwell Varco<\/i> (NOV) iniciam opera\u00e7\u00f5es no complexo do A\u00e7u ainda neste semestre.<\/p>\n<p>Fonte: Agencia Estado<br \/>Foto: Prumo \/ Imagem ilustrativa do Terminal Multicarga do Superporto do A\u00e7u<\/p>\n","protected":false},"excerpt":{"rendered":"<p>A Prumo, ex-LLX, est\u00e1 de mudan\u00e7a do hist\u00f3rico Edif\u00edcio Serrador, no Centro do Rio. A empresa vai ocupar o 5\u00ba andar do pr\u00e9dio da antiga&#8230;<\/p>\n","protected":false},"author":1182,"featured_media":3815,"comment_status":"closed","ping_status":"closed","sticky":false,"template":"","format":"standard","meta":{"footnotes":""},"categories":[6],"tags":[563,561,562,560,59],"class_list":["post-3813","post","type-post","status-publish","format-standard","has-post-thumbnail","hentry","category-noticias","tag-endereco","tag-llx","tag-mudanca","tag-prumo","tag-rio-de-janeiro"],"_links":{"self":[{"href":"https:\/\/www.sincomam.org.br\/index.php\/wp-json\/wp\/v2\/posts\/3813","targetHints":{"allow":["GET"]}}],"collection":[{"href":"https:\/\/www.sincomam.org.br\/index.php\/wp-json\/wp\/v2\/posts"}],"about":[{"href":"https:\/\/www.sincomam.org.br\/index.php\/wp-json\/wp\/v2\/types\/post"}],"author":[{"embeddable":true,"href":"https:\/\/www.sincomam.org.br\/index.php\/wp-json\/wp\/v2\/users\/1182"}],"replies":[{"embeddable":true,"href":"https:\/\/www.sincomam.org.br\/index.php\/wp-json\/wp\/v2\/comments?post=3813"}],"version-history":[{"count":1,"href":"https:\/\/www.sincomam.org.br\/index.php\/wp-json\/wp\/v2\/posts\/3813\/revisions"}],"predecessor-version":[{"id":3816,"href":"https:\/\/www.sincomam.org.br\/index.php\/wp-json\/wp\/v2\/posts\/3813\/revisions\/3816"}],"wp:featuredmedia":[{"embeddable":true,"href":"https:\/\/www.sincomam.org.br\/index.php\/wp-json\/wp\/v2\/media\/3815"}],"wp:attachment":[{"href":"https:\/\/www.sincomam.org.br\/index.php\/wp-json\/wp\/v2\/media?parent=3813"}],"wp:term":[{"taxonomy":"category","embeddable":true,"href":"https:\/\/www.sincomam.org.br\/index.php\/wp-json\/wp\/v2\/categories?post=3813"},{"taxonomy":"post_tag","embeddable":true,"href":"https:\/\/www.sincomam.org.br\/index.php\/wp-json\/wp\/v2\/tags?post=3813"}],"curies":[{"name":"wp","href":"https:\/\/api.w.org\/{rel}","templated":true}]}}