{"id":38117,"date":"2022-03-03T08:30:53","date_gmt":"2022-03-03T11:30:53","guid":{"rendered":"http:\/\/www.sincomam.org.br\/?p=38117"},"modified":"2022-03-03T02:10:14","modified_gmt":"2022-03-03T05:10:14","slug":"inss-retoma-atendimento-presencial-sem-agendamento-previo","status":"publish","type":"post","link":"https:\/\/www.sincomam.org.br\/index.php\/inss-retoma-atendimento-presencial-sem-agendamento-previo\/","title":{"rendered":"INSS retoma atendimento presencial sem agendamento pr\u00e9vio"},"content":{"rendered":"<p>O INSS (Instituto Nacional do Seguro Social) publicou uma portaria no Di\u00e1rio Oficial da Uni\u00e3o (DOU), nesta quarta-feira (2), que determina que volte a acontecer o atendimento presencial, sem a necessidade de agendamento pr\u00e9vio.<\/p>\n<p>Em 2020, devido a pandemia de Covid-19, o atendimento presencial foi suspenso pelo Instituto, sendo retomado ainda no final daquele ano, mas para isso, passou a ser necess\u00e1rio fazer um agendamento pr\u00e9vio.<\/p>\n<p>De acordo com a portaria publicada nesta quarta-feira, al\u00e9m dos atendimentos j\u00e1 agendados, o INSS tamb\u00e9m far\u00e1 o atendimento chamado de espont\u00e2neo, realizado na triagem, no autoatendimento orientado ou em guich\u00ea espec\u00edfico nos casos em que o segurado necessitar de informa\u00e7\u00e3o ou orienta\u00e7\u00e3o. O INSS informou que o retorno do atendimento presencial ser\u00e1 de forma gradual para que n\u00e3o haja filas extensas ou sejam provocadas aglomera\u00e7\u00f5es no interior das ag\u00eancias.<\/p>\n<p>A portaria determina que seja retomado o atendimento de atividades de orienta\u00e7\u00e3o sobre benef\u00edcios e servi\u00e7os previdenci\u00e1rios, atendimentos por decis\u00e3o judicial, para emiss\u00e3o de senha para a acesso \u00e0 plataforma Gov.br, para acesso aos servi\u00e7os ofertados pelo autoatendimento orientado (nas ag\u00eancias que participam do Projeto do Novo Modelo de Atendimento).<\/p>\n<p>No entanto, continuar\u00e1 tendo prioridade o atendimento ao idoso maior de 80 anos, previsto em lei.<\/p>\n<p>Tamb\u00e9m o texto diz que o n\u00famero de telefone 135 do INSS dever\u00e1 agendar servi\u00e7os como \u201cAtendimento Simplificado\u201d de baixa complexibilidade e \u201cAtendimento Espec\u00edfico\u201d, de alta complexibilidade. Este servi\u00e7o tamb\u00e9m poder\u00e1 ser realizado na pr\u00f3pria ag\u00eancia.<\/p>\n<p>Fonte: Jornal Cont\u00e1bil<\/p>\n","protected":false},"excerpt":{"rendered":"<p>O INSS (Instituto Nacional do Seguro Social) publicou uma portaria no Di\u00e1rio Oficial da Uni\u00e3o (DOU), nesta quarta-feira (2), que determina que volte a acontecer&#8230;<\/p>\n","protected":false},"author":1527,"featured_media":32456,"comment_status":"closed","ping_status":"closed","sticky":false,"template":"","format":"standard","meta":{"footnotes":""},"categories":[6],"tags":[],"class_list":["post-38117","post","type-post","status-publish","format-standard","has-post-thumbnail","hentry","category-noticias"],"_links":{"self":[{"href":"https:\/\/www.sincomam.org.br\/index.php\/wp-json\/wp\/v2\/posts\/38117","targetHints":{"allow":["GET"]}}],"collection":[{"href":"https:\/\/www.sincomam.org.br\/index.php\/wp-json\/wp\/v2\/posts"}],"about":[{"href":"https:\/\/www.sincomam.org.br\/index.php\/wp-json\/wp\/v2\/types\/post"}],"author":[{"embeddable":true,"href":"https:\/\/www.sincomam.org.br\/index.php\/wp-json\/wp\/v2\/users\/1527"}],"replies":[{"embeddable":true,"href":"https:\/\/www.sincomam.org.br\/index.php\/wp-json\/wp\/v2\/comments?post=38117"}],"version-history":[{"count":1,"href":"https:\/\/www.sincomam.org.br\/index.php\/wp-json\/wp\/v2\/posts\/38117\/revisions"}],"predecessor-version":[{"id":38118,"href":"https:\/\/www.sincomam.org.br\/index.php\/wp-json\/wp\/v2\/posts\/38117\/revisions\/38118"}],"wp:featuredmedia":[{"embeddable":true,"href":"https:\/\/www.sincomam.org.br\/index.php\/wp-json\/wp\/v2\/media\/32456"}],"wp:attachment":[{"href":"https:\/\/www.sincomam.org.br\/index.php\/wp-json\/wp\/v2\/media?parent=38117"}],"wp:term":[{"taxonomy":"category","embeddable":true,"href":"https:\/\/www.sincomam.org.br\/index.php\/wp-json\/wp\/v2\/categories?post=38117"},{"taxonomy":"post_tag","embeddable":true,"href":"https:\/\/www.sincomam.org.br\/index.php\/wp-json\/wp\/v2\/tags?post=38117"}],"curies":[{"name":"wp","href":"https:\/\/api.w.org\/{rel}","templated":true}]}}