{"id":38108,"date":"2022-03-03T08:30:07","date_gmt":"2022-03-03T11:30:07","guid":{"rendered":"http:\/\/www.sincomam.org.br\/?p=38108"},"modified":"2022-03-03T02:04:19","modified_gmt":"2022-03-03T05:04:19","slug":"parceria-entre-china-e-russia-pode-afetar-embarques-do-brasil","status":"publish","type":"post","link":"https:\/\/www.sincomam.org.br\/index.php\/parceria-entre-china-e-russia-pode-afetar-embarques-do-brasil\/","title":{"rendered":"Parceria entre China e R\u00fassia pode afetar embarques do Brasil"},"content":{"rendered":"<p>A crise entre R\u00fassia e Ucr\u00e2nia real\u00e7ou a import\u00e2ncia da regi\u00e3o em alguns setores b\u00e1sicos para a economia global. Para al\u00e9m de petr\u00f3leo e g\u00e1s, chamou particular aten\u00e7\u00e3o seu peso no setor agr\u00edcola, tanto na produ\u00e7\u00e3o de gr\u00e3os como trigo e milho quanto na fabrica\u00e7\u00e3o de fertilizantes. Duas \u00e1reas das mais importantes para o Brasil, que tenta contabilizar os reflexos do conflito nas pr\u00f3ximas semanas, meses e at\u00e9 anos.<\/p>\n<p>N\u00e3o \u00e9 de hoje que Marcos Sawaya Jank, professor de Agroneg\u00f3cio Global do Insper e coordenador do centro Insper Agro Global, estuda o potencial da R\u00fassia e de pa\u00edses vizinhos no agro. E ele nota que o conflito deflagrado tende a estreitar uma parceria entre R\u00fassia e China que j\u00e1 tem influenciado o aumento da produ\u00e7\u00e3o russa de alimentos e que, no longo prazo, poder\u00e1 avan\u00e7ar sobre as vendas de produtos brasileiros ao mercado chin\u00eas.<\/p>\n<p>No curto prazo, Jank concorda que os reflexos mais palp\u00e1veis do conflito ser\u00e3o a escassez de fertilizantes, a alta das cota\u00e7\u00f5es internacionais dos gr\u00e3os e alguma redu\u00e7\u00e3o na oferta de carnes de frango e su\u00edna. Para o Brasil, observa, haver\u00e1 efeitos negativos derivados da falta e do encarecimento de adubos e tamb\u00e9m do aumento do trigo importado, mas o pa\u00eds poder\u00e1 se beneficiar da alta de soja e milho e tamb\u00e9m conseguir alguma avan\u00e7o no embarque de prote\u00ednas.<\/p>\n<p>\u201cO que me preocupa \u00e9 o que est\u00e1 por tr\u00e1s dessa nova configura\u00e7\u00e3o geopol\u00edtica que ganha for\u00e7a. Agora \u2018asioc\u00eantrica\u2019, a R\u00fassia reaparece com maior influ\u00eancia no com\u00e9rcio global, e sua alian\u00e7a com a China &#8211; cujas rela\u00e7\u00f5es comerciais com os EUA ainda s\u00e3o problem\u00e1ticas &#8211; pode significar maior est\u00edmulo ao crescimento da produ\u00e7\u00e3o agr\u00edcola na regi\u00e3o. No longo prazo, R\u00fassia e pa\u00edses vizinhos poder\u00e3o se tornar grandes concorrentes do Brasil\u201d, afirma Jank.<\/p>\n<p>\u201cCom quase 100 milh\u00f5es de hectares de terras agricult\u00e1veis, e com a mudan\u00e7a clim\u00e1tica j\u00e1 deixando novas \u00e1reas para a agricultura abertas na Sib\u00e9ria, a R\u00fassia det\u00e9m um grande potencial inexplorado para cobrir parte da pujante demanda chinesa por alimentos\u201d, escreveu Jank em artigo publicado no Valor no dia 18 deste m\u00eas. Al\u00e9m de trigo e cultivos de inverno, h\u00e1 potencial para o incremento das colheitas de soja e milho, os gr\u00e3os mais produzidos e exportados pelo Brasil &#8211; no caso da soja, sobretudo \u00e0 China.<\/p>\n<p>Para a China, lembra Jank, al\u00e9m das quest\u00f5es geopol\u00edticas h\u00e1 uma clara vantagem log\u00edstica nessa aproxima\u00e7\u00e3o com a R\u00fassia. E o movimento torna mais urgente que o Brasil consolide rela\u00e7\u00f5es bilaterais mais s\u00f3lidas, com mais credibilidade e transpar\u00eancia, para garantir mercados no futuro.<\/p>\n<p>\u201cA China tem que ser tratada como a parceira importante que \u00e9, ao mesmo tempo em que n\u00e3o podemos esquecer que a R\u00fassia tamb\u00e9m pode ser um mercado mais importante para as nossas exporta\u00e7\u00f5es. A melhor estrat\u00e9gia \u00e9 mantermos, neste momento, uma equidist\u00e2ncia prudente. Temos que ter boas rela\u00e7\u00f5es com todos os pa\u00edses envolvidos no conflito\u201d.<\/p>\n<p>Nesse processo, afirma, \u00e9 importante que a iniciativa privada fa\u00e7a a sua parte. Na \u00c1sia, defende Jank, \u00e9 preciso que as empresas exportadores tenham presen\u00e7a mais ativa, com opera\u00e7\u00f5es locais mais relevantes.<\/p>\n<p>Fonte: Valor<\/p>\n","protected":false},"excerpt":{"rendered":"<p>A crise entre R\u00fassia e Ucr\u00e2nia real\u00e7ou a import\u00e2ncia da regi\u00e3o em alguns setores b\u00e1sicos para a economia global. Para al\u00e9m de petr\u00f3leo e g\u00e1s,&#8230;<\/p>\n","protected":false},"author":1527,"featured_media":38109,"comment_status":"closed","ping_status":"closed","sticky":false,"template":"","format":"standard","meta":{"footnotes":""},"categories":[6],"tags":[],"class_list":["post-38108","post","type-post","status-publish","format-standard","has-post-thumbnail","hentry","category-noticias"],"_links":{"self":[{"href":"https:\/\/www.sincomam.org.br\/index.php\/wp-json\/wp\/v2\/posts\/38108","targetHints":{"allow":["GET"]}}],"collection":[{"href":"https:\/\/www.sincomam.org.br\/index.php\/wp-json\/wp\/v2\/posts"}],"about":[{"href":"https:\/\/www.sincomam.org.br\/index.php\/wp-json\/wp\/v2\/types\/post"}],"author":[{"embeddable":true,"href":"https:\/\/www.sincomam.org.br\/index.php\/wp-json\/wp\/v2\/users\/1527"}],"replies":[{"embeddable":true,"href":"https:\/\/www.sincomam.org.br\/index.php\/wp-json\/wp\/v2\/comments?post=38108"}],"version-history":[{"count":1,"href":"https:\/\/www.sincomam.org.br\/index.php\/wp-json\/wp\/v2\/posts\/38108\/revisions"}],"predecessor-version":[{"id":38110,"href":"https:\/\/www.sincomam.org.br\/index.php\/wp-json\/wp\/v2\/posts\/38108\/revisions\/38110"}],"wp:featuredmedia":[{"embeddable":true,"href":"https:\/\/www.sincomam.org.br\/index.php\/wp-json\/wp\/v2\/media\/38109"}],"wp:attachment":[{"href":"https:\/\/www.sincomam.org.br\/index.php\/wp-json\/wp\/v2\/media?parent=38108"}],"wp:term":[{"taxonomy":"category","embeddable":true,"href":"https:\/\/www.sincomam.org.br\/index.php\/wp-json\/wp\/v2\/categories?post=38108"},{"taxonomy":"post_tag","embeddable":true,"href":"https:\/\/www.sincomam.org.br\/index.php\/wp-json\/wp\/v2\/tags?post=38108"}],"curies":[{"name":"wp","href":"https:\/\/api.w.org\/{rel}","templated":true}]}}