{"id":38096,"date":"2022-03-02T10:17:05","date_gmt":"2022-03-02T13:17:05","guid":{"rendered":"http:\/\/www.sincomam.org.br\/?p=38096"},"modified":"2022-03-02T10:37:31","modified_gmt":"2022-03-02T13:37:31","slug":"porto-do-itaqui-anuncia-pacote-de-obras","status":"publish","type":"post","link":"https:\/\/www.sincomam.org.br\/index.php\/porto-do-itaqui-anuncia-pacote-de-obras\/","title":{"rendered":"PORTO DO ITAQUI ANUNCIA PACOTE DE OBRAS"},"content":{"rendered":"<p>Uma visita do governador Fl\u00e1vio Dino ao Porto do Itaqui marcou o lan\u00e7amento de um pacote de obras de infraestrutura que somam mais de R$ 500 milh\u00f5es em investimento da EMAP \u2013 Empresa Maranhense de Administra\u00e7\u00e3o Portu\u00e1ria. Na ocasi\u00e3o o governador fez entregas, visitou obras em andamento e terminais instalados no porto.<\/p>\n<p>A iniciativa integra o plano estrat\u00e9gico da empresa, com o objetivo de elevar a capacidade de movimenta\u00e7\u00e3o de cargas do Porto do Itaqui acima dos 40 milh\u00f5es de toneladas\/ano at\u00e9 2025.<\/p>\n<p>O pacote abrange dragagem de aprofundamento, constru\u00e7\u00e3o de um novo ber\u00e7o (98), requalifica\u00e7\u00e3o dos pr\u00e9dios de apoio operacional e portarias, infraestrutura vi\u00e1ria e esgotamento sanit\u00e1rio da poligonal do porto, al\u00e9m do alargamento das rampas dos terminais de ferryboat da Ponta da Espera e do Cujupe.<\/p>\n<p>\u201cO Itaqui tem crescido nos \u00faltimos anos, com sucessivos recordes, gra\u00e7as a investimentos p\u00fablicos e privados em infraestrutura e tecnologia. Sa\u00edmos de 18 milh\u00f5es de toneladas de cargas movimentadas em 2014 e chegamos a 31 milh\u00f5es de toneladas em 2021. Para dar continuidade a esse crescimento, estamos lan\u00e7ando o pacote de obras que trar\u00e3o melhorias \u00e0s nossas opera\u00e7\u00f5es, mais seguran\u00e7a na amplia\u00e7\u00e3o da capacidade de movimenta\u00e7\u00e3o de carga\u201d, afirma o presidente do Porto do Itaqui, Ted Lago.<\/p>\n<p>O porto p\u00fablico do Maranh\u00e3o vive um momento de plena expans\u00e3o de infraestrutura, tecnologia e log\u00edstica, voltado para atender \u00e0 crescente demanda do mercado e fortalecer as diversas cadeias produtivas movimentadas.<\/p>\n<p>A partir de um novo patamar, representado pelo volume de 31 milh\u00f5es de toneladas de cargas movimentadas em 2021, o Porto do Itaqui consolida o Maranh\u00e3o como um grande hub log\u00edstico para o Centro-Norte do pa\u00eds, atraindo neg\u00f3cios que desenvolvem o estado e toda a \u00e1rea de influ\u00eancia, gerando emprego e renda por meio da atividade portu\u00e1ria.<\/p>\n","protected":false},"excerpt":{"rendered":"<p>Uma visita do governador Fl\u00e1vio Dino ao Porto do Itaqui marcou o lan\u00e7amento de um pacote de obras de infraestrutura que somam mais de R$&#8230;<\/p>\n","protected":false},"author":1527,"featured_media":38097,"comment_status":"closed","ping_status":"closed","sticky":false,"template":"","format":"standard","meta":{"footnotes":""},"categories":[6],"tags":[],"class_list":["post-38096","post","type-post","status-publish","format-standard","has-post-thumbnail","hentry","category-noticias"],"_links":{"self":[{"href":"https:\/\/www.sincomam.org.br\/index.php\/wp-json\/wp\/v2\/posts\/38096","targetHints":{"allow":["GET"]}}],"collection":[{"href":"https:\/\/www.sincomam.org.br\/index.php\/wp-json\/wp\/v2\/posts"}],"about":[{"href":"https:\/\/www.sincomam.org.br\/index.php\/wp-json\/wp\/v2\/types\/post"}],"author":[{"embeddable":true,"href":"https:\/\/www.sincomam.org.br\/index.php\/wp-json\/wp\/v2\/users\/1527"}],"replies":[{"embeddable":true,"href":"https:\/\/www.sincomam.org.br\/index.php\/wp-json\/wp\/v2\/comments?post=38096"}],"version-history":[{"count":1,"href":"https:\/\/www.sincomam.org.br\/index.php\/wp-json\/wp\/v2\/posts\/38096\/revisions"}],"predecessor-version":[{"id":38098,"href":"https:\/\/www.sincomam.org.br\/index.php\/wp-json\/wp\/v2\/posts\/38096\/revisions\/38098"}],"wp:featuredmedia":[{"embeddable":true,"href":"https:\/\/www.sincomam.org.br\/index.php\/wp-json\/wp\/v2\/media\/38097"}],"wp:attachment":[{"href":"https:\/\/www.sincomam.org.br\/index.php\/wp-json\/wp\/v2\/media?parent=38096"}],"wp:term":[{"taxonomy":"category","embeddable":true,"href":"https:\/\/www.sincomam.org.br\/index.php\/wp-json\/wp\/v2\/categories?post=38096"},{"taxonomy":"post_tag","embeddable":true,"href":"https:\/\/www.sincomam.org.br\/index.php\/wp-json\/wp\/v2\/tags?post=38096"}],"curies":[{"name":"wp","href":"https:\/\/api.w.org\/{rel}","templated":true}]}}