{"id":38089,"date":"2022-03-02T10:08:24","date_gmt":"2022-03-02T13:08:24","guid":{"rendered":"http:\/\/www.sincomam.org.br\/?p=38089"},"modified":"2022-03-02T10:08:24","modified_gmt":"2022-03-02T13:08:24","slug":"marinha-firma-cooperacao-com-o-ministerio-publico-do-trabalho-para-garantir-seguranca-de-aquaviarios","status":"publish","type":"post","link":"https:\/\/www.sincomam.org.br\/index.php\/marinha-firma-cooperacao-com-o-ministerio-publico-do-trabalho-para-garantir-seguranca-de-aquaviarios\/","title":{"rendered":"Marinha firma coopera\u00e7\u00e3o com o Minist\u00e9rio P\u00fablico do Trabalho para garantir seguran\u00e7a de aquavi\u00e1rios"},"content":{"rendered":"<p>A Marinha do Brasil (MB) firmou no final do ano passado, junto ao Minist\u00e9rio P\u00fablico do Trabalho (MPT), um Acordo de Coopera\u00e7\u00e3o T\u00e9cnica que promove a\u00e7\u00f5es conjuntas voltadas \u00e0 seguran\u00e7a de trabalhadores aquavi\u00e1rios. A delibera\u00e7\u00e3o j\u00e1 est\u00e1 em vigor e tem abrang\u00eancia em todo o territ\u00f3rio nacional.<\/p>\n<p>Ap\u00f3s v\u00e1rias den\u00fancias recebidas pelo MPT, relacionadas as condi\u00e7\u00f5es inadequadas de trabalho a bordo de embarca\u00e7\u00f5es, surgiu a necessidade de ampliar a seguran\u00e7a jur\u00eddica dos aquavi\u00e1rios, portu\u00e1rios, armadores e das empresas brasileiras de navega\u00e7\u00e3o.<\/p>\n<p>O acordo possibilitar\u00e1 a realiza\u00e7\u00e3o de a\u00e7\u00f5es nas \u00e1reas de instru\u00e7\u00e3o, fiscaliza\u00e7\u00e3o, comunica\u00e7\u00f5es, intelig\u00eancia, contribuindo para o cumprimento das atribui\u00e7\u00f5es constitucionais dos \u00f3rg\u00e3os envolvidos. \u201cEssa atua\u00e7\u00e3o em conjunto \u00e9 fundamental, porque o trabalho de excel\u00eancia da Marinha nas \u00e1guas, mares e rios nos ajuda a cumprir o nosso papel na prote\u00e7\u00e3o dos aquavi\u00e1rios\u201d, declarou a Procuradora do MPT e Coordenadora Nacional do Trabalho Portu\u00e1rio e Aquavi\u00e1rio, Fl\u00e1via Bauler.<\/p>\n<p>Segundo a procuradora Flavia Bauler, planos de a\u00e7\u00f5es est\u00e3o sendo elaborados em parceria com os Distritos Navais e as Capitanias dos Portos espalhadas pelo Pa\u00eds. \u201cTemos nos reunidos com representantes da Marinha para gerar a\u00e7\u00f5es regionalizadas. Assim, podemos atuar de forma espec\u00edfica em cada localidade\u201d, complementa.<\/p>\n<p>Na pr\u00e1tica, essa atua\u00e7\u00e3o coordenada proporcionar\u00e1 agilidade, efici\u00eancia e economicidade na presta\u00e7\u00e3o de servi\u00e7os e nas atribui\u00e7\u00f5es de compet\u00eancia da MB e do MPT. Anualmente, ser\u00e3o consolidados os resultados das fiscaliza\u00e7\u00f5es para identificar possibilidades de melhorias.<\/p>\n<p>Fonte: Ag\u00eancia Marinha de Not\u00edcias<\/p>\n","protected":false},"excerpt":{"rendered":"<p>A Marinha do Brasil (MB) firmou no final do ano passado, junto ao Minist\u00e9rio P\u00fablico do Trabalho (MPT), um Acordo de Coopera\u00e7\u00e3o T\u00e9cnica que promove&#8230;<\/p>\n","protected":false},"author":1527,"featured_media":0,"comment_status":"closed","ping_status":"closed","sticky":false,"template":"","format":"standard","meta":{"footnotes":""},"categories":[6],"tags":[],"class_list":["post-38089","post","type-post","status-publish","format-standard","hentry","category-noticias"],"_links":{"self":[{"href":"https:\/\/www.sincomam.org.br\/index.php\/wp-json\/wp\/v2\/posts\/38089","targetHints":{"allow":["GET"]}}],"collection":[{"href":"https:\/\/www.sincomam.org.br\/index.php\/wp-json\/wp\/v2\/posts"}],"about":[{"href":"https:\/\/www.sincomam.org.br\/index.php\/wp-json\/wp\/v2\/types\/post"}],"author":[{"embeddable":true,"href":"https:\/\/www.sincomam.org.br\/index.php\/wp-json\/wp\/v2\/users\/1527"}],"replies":[{"embeddable":true,"href":"https:\/\/www.sincomam.org.br\/index.php\/wp-json\/wp\/v2\/comments?post=38089"}],"version-history":[{"count":1,"href":"https:\/\/www.sincomam.org.br\/index.php\/wp-json\/wp\/v2\/posts\/38089\/revisions"}],"predecessor-version":[{"id":38091,"href":"https:\/\/www.sincomam.org.br\/index.php\/wp-json\/wp\/v2\/posts\/38089\/revisions\/38091"}],"wp:attachment":[{"href":"https:\/\/www.sincomam.org.br\/index.php\/wp-json\/wp\/v2\/media?parent=38089"}],"wp:term":[{"taxonomy":"category","embeddable":true,"href":"https:\/\/www.sincomam.org.br\/index.php\/wp-json\/wp\/v2\/categories?post=38089"},{"taxonomy":"post_tag","embeddable":true,"href":"https:\/\/www.sincomam.org.br\/index.php\/wp-json\/wp\/v2\/tags?post=38089"}],"curies":[{"name":"wp","href":"https:\/\/api.w.org\/{rel}","templated":true}]}}