{"id":38084,"date":"2022-03-02T09:55:31","date_gmt":"2022-03-02T12:55:31","guid":{"rendered":"http:\/\/www.sincomam.org.br\/?p=38084"},"modified":"2022-03-02T09:55:31","modified_gmt":"2022-03-02T12:55:31","slug":"mascaras-podem-ser-liberadas-no-rio-ja-na-proxima-segunda-e-vacinacao-segurou-transmissao-de-covid-no-carnaval-diz-soranz","status":"publish","type":"post","link":"https:\/\/www.sincomam.org.br\/index.php\/mascaras-podem-ser-liberadas-no-rio-ja-na-proxima-segunda-e-vacinacao-segurou-transmissao-de-covid-no-carnaval-diz-soranz\/","title":{"rendered":"M\u00e1scaras podem ser liberadas no Rio j\u00e1 na pr\u00f3xima segunda, e vacina\u00e7\u00e3o segurou transmiss\u00e3o de Covid no carnaval, diz Soranz"},"content":{"rendered":"<p>A alta cobertura vacinal do Rio de Janeiro ajudou a cidade a manter controlados os \u00edndices de contamina\u00e7\u00e3o da Covid, afirmou o secret\u00e1rio municipal de Sa\u00fade do Rio, Daniel Soranz, na manh\u00e3 desta quarta-feira (2). Soranz tamb\u00e9m disse que o munic\u00edpio pode determinar, j\u00e1 na pr\u00f3xima segunda-feira (7), o fim da obrigatoriedade do uso das m\u00e1scaras em qualquer lugar.<\/p>\n<p>Soranz disse que n\u00e3o espera um aumento significativo no n\u00famero de casos mesmo com as festas realizadas no munic\u00edpio e com os blocos clandestinos dos \u00faltimos dias.<\/p>\n<p>\u201cA gente viu muitas aglomera\u00e7\u00f5es no per\u00edodo de carnaval, as pessoas se reunindo. A estrat\u00e9gia de limitar a entrada de turistas sem vacina na cidade do Rio de Janeiro funcionou. Ele \u00e9 obrigado a apresentar o passaporte vacinal para ir aos principais pontos tur\u00edsticos. Certamente isso desestimulou a vinda de turistas n\u00e3o vacinados para a cidade, e a gente viu, com a nossa cobertura vacinal, que n\u00e3o teve um aumento de casos no per\u00edodo\u201d, disse Soranz.<\/p>\n<p>De acordo com o secret\u00e1rio, o n\u00famero de casos positivos \u00e9 cada vez menor e, de acordo com os par\u00e2metros da Organiza\u00e7\u00e3o Mundial de Sa\u00fade (OMS), uma taxa menor que 5% de contaminados entre todos os estados indica controle.<\/p>\n<p>\u201c\u00c9 cada vez mais raro encontrar um caso grave de Covid na cidade. No \u00faltimo fim de semana a gente chegou a uma positividade de 3,9%. \u00c9 uma queda bastante importante\u201d, destacou.<\/p>\n<p>Ainda assim, o secret\u00e1rio ressaltou que \u00e9 preciso que a popula\u00e7\u00e3o n\u00e3o descuide do cronograma vacinal e, quem ainda n\u00e3o tomou a segunda dose e a dose de refor\u00e7o deve procurar as unidades de sa\u00fade do munic\u00edpio.<\/p>\n<p><strong>Libera\u00e7\u00e3o das m\u00e1scaras<\/strong><br \/>\nA pr\u00f3xima reuni\u00e3o do comit\u00ea cient\u00edfico da Prefeitura do Rio, que incialmente estava prevista para o dia 14 de mar\u00e7o, deve ocorrer na pr\u00f3xima segunda (7). Est\u00e1 previsto discutir a libera\u00e7\u00e3o do uso de m\u00e1scaras em locais fechados na cidade. O uso em locais ao ar livre sem aglomera\u00e7\u00e3o foi liberado em outubro do ano passado.<\/p>\n<p>Daniel Soranz destacou que a libera\u00e7\u00e3o depende ainda de um alinhamento com o governo do estado.<\/p>\n<p>\u201cNa pr\u00f3xima segunda, o nosso comit\u00ea cient\u00edfico se re\u00fane para decidir sobre a retirada da obrigatoriedade do uso de m\u00e1scaras em locais fechados. Lembrando que no Rio j\u00e1 n\u00e3o \u00e9 mais obrigat\u00f3rio a utiliza\u00e7\u00e3o de m\u00e1scaras em locais abertos\u201d, afirmou o secret\u00e1rio.<\/p>\n<p><strong>Passaporte vacinal<\/strong><br \/>\nOutra medida que deve ser discutida na reuni\u00e3o \u00e9 o patamar em que o passaporte vacinal deve come\u00e7ar a ser flexibilizado na cidade. Segundo Soranz, a medida mostrou-se extremamente eficiente para estimular a vacina\u00e7\u00e3o e evitar uma maior contamina\u00e7\u00e3o. Al\u00e9m disso, disse o secret\u00e1rio, a medida ajudou a proteger quem n\u00e3o foi vacinado ou tem o esquema vacinal completo.<\/p>\n<p>A maneira como o comprovante de vacina\u00e7\u00e3o passaria a ser menos exigido ainda depende das discuss\u00f5es entre os especialistas que formam o comit\u00ea, mas, de acordo com Soranz, a medida estaria atrelada \u00e0 porcentagem da popula\u00e7\u00e3o adulta que possui a dose de refor\u00e7o. De acordo com o painel da prefeitura, esta taxa era de 53% nesta quarta.<\/p>\n<p>\u201cSobre o passaporte de vacina\u00e7\u00e3o, a tend\u00eancia \u00e9 que a gente possa definir uma faixa at\u00e9 que a dose de refor\u00e7o da popula\u00e7\u00e3o chegue a 70% a 80%. Mas o mais importante \u00e9 proteger as pessoas para que elas vacinem\u201d, afirmou Soranz.<\/p>\n<p>Fonte: G1<\/p>\n","protected":false},"excerpt":{"rendered":"<p>A alta cobertura vacinal do Rio de Janeiro ajudou a cidade a manter controlados os \u00edndices de contamina\u00e7\u00e3o da Covid, afirmou o secret\u00e1rio municipal de&#8230;<\/p>\n","protected":false},"author":1527,"featured_media":38085,"comment_status":"closed","ping_status":"closed","sticky":false,"template":"","format":"standard","meta":{"footnotes":""},"categories":[6],"tags":[],"class_list":["post-38084","post","type-post","status-publish","format-standard","has-post-thumbnail","hentry","category-noticias"],"_links":{"self":[{"href":"https:\/\/www.sincomam.org.br\/index.php\/wp-json\/wp\/v2\/posts\/38084","targetHints":{"allow":["GET"]}}],"collection":[{"href":"https:\/\/www.sincomam.org.br\/index.php\/wp-json\/wp\/v2\/posts"}],"about":[{"href":"https:\/\/www.sincomam.org.br\/index.php\/wp-json\/wp\/v2\/types\/post"}],"author":[{"embeddable":true,"href":"https:\/\/www.sincomam.org.br\/index.php\/wp-json\/wp\/v2\/users\/1527"}],"replies":[{"embeddable":true,"href":"https:\/\/www.sincomam.org.br\/index.php\/wp-json\/wp\/v2\/comments?post=38084"}],"version-history":[{"count":1,"href":"https:\/\/www.sincomam.org.br\/index.php\/wp-json\/wp\/v2\/posts\/38084\/revisions"}],"predecessor-version":[{"id":38086,"href":"https:\/\/www.sincomam.org.br\/index.php\/wp-json\/wp\/v2\/posts\/38084\/revisions\/38086"}],"wp:featuredmedia":[{"embeddable":true,"href":"https:\/\/www.sincomam.org.br\/index.php\/wp-json\/wp\/v2\/media\/38085"}],"wp:attachment":[{"href":"https:\/\/www.sincomam.org.br\/index.php\/wp-json\/wp\/v2\/media?parent=38084"}],"wp:term":[{"taxonomy":"category","embeddable":true,"href":"https:\/\/www.sincomam.org.br\/index.php\/wp-json\/wp\/v2\/categories?post=38084"},{"taxonomy":"post_tag","embeddable":true,"href":"https:\/\/www.sincomam.org.br\/index.php\/wp-json\/wp\/v2\/tags?post=38084"}],"curies":[{"name":"wp","href":"https:\/\/api.w.org\/{rel}","templated":true}]}}