{"id":38058,"date":"2022-02-25T09:50:41","date_gmt":"2022-02-25T12:50:41","guid":{"rendered":"http:\/\/www.sincomam.org.br\/?p=38058"},"modified":"2022-02-25T09:50:41","modified_gmt":"2022-02-25T12:50:41","slug":"e-navigation-traz-mais-seguranca-e-aprimora-a-navegacao","status":"publish","type":"post","link":"https:\/\/www.sincomam.org.br\/index.php\/e-navigation-traz-mais-seguranca-e-aprimora-a-navegacao\/","title":{"rendered":"e-Navigation traz mais seguran\u00e7a e aprimora a navega\u00e7\u00e3o"},"content":{"rendered":"<p align=\"justify\">O setor portu\u00e1rio brasileiro, formado pelos portos p\u00fablicos e terminais privados, movimentou 1,210 bilh\u00e3o de toneladas de carga em 2021. O n\u00famero representou um crescimento de 4,8% em rela\u00e7\u00e3o a 2020, de acordo com o levantamento divulgado no in\u00edcio deste m\u00eas pela Ag\u00eancia Nacional de Transportes Aquavi\u00e1rios (ANTAQ).<\/p>\n<p align=\"justify\">A ANTAQ divulgou tamb\u00e9m a expectativa de movimenta\u00e7\u00e3o portu\u00e1ria para os pr\u00f3ximos anos. Para 2022, estudos apontam que a movimenta\u00e7\u00e3o alcan\u00e7ar\u00e1 1,239 bilh\u00e3o de toneladas, um crescimento de 2,4% em rela\u00e7\u00e3o a 2021. Pelos pr\u00f3ximos quatro anos, a ag\u00eancia prev\u00ea a manuten\u00e7\u00e3o de alta na movimenta\u00e7\u00e3o portu\u00e1ria. Em 2026, a expectativa \u00e9 que o setor portu\u00e1rio nacional movimente 1,402 bilh\u00e3o de toneladas contra 1,360 bilh\u00e3o de toneladas em 2025.<\/p>\n<p align=\"justify\">Em conson\u00e2ncia com o volume do com\u00e9rcio mar\u00edtimo e com a Organiza\u00e7\u00e3o Mar\u00edtima Internacional (IMO), a\u00a0<a title=\"Marinha do Brasil\" href=\"https:\/\/defesaemfoco.com.br\/forcas-armadas\/marinha-do-brasil\/\" data-internallinksmanager029f6b8e52c=\"1\">Marinha do Brasil<\/a>, Autoridade Mar\u00edtima Brasileira (AMB), vem\u00a0contribuindo para a implementa\u00e7\u00e3o de uma estrat\u00e9gia relacionada ao e-<i>Navigation<\/i>\u00a0no Pa\u00eds\u00a0o conceito disseminado pela IMO para tornar a navega\u00e7\u00e3o mais segura, eficiente e sustent\u00e1vel.<\/p>\n<p align=\"justify\"><i><b>e-Navigation<\/b><\/i><\/p>\n<p align=\"justify\">O\u00a0<i>e-Navigation<\/i>\u00a0(Navega\u00e7\u00e3o Aprimorada) \u00e9 um conceito que contempla ampla gama de sistemas e servi\u00e7os de informa\u00e7\u00e3o integrados e harmonizados, relacionados aos servi\u00e7os mar\u00edtimos e portu\u00e1rios, que permitir\u00e3o a otimiza\u00e7\u00e3o do com\u00e9rcio mar\u00edtimo, o aprimoramento da consci\u00eancia situacional mar\u00edtima e uma maior agilidade no processo de tomada de decis\u00e3o pelas Autoridades Mar\u00edtimas, Portu\u00e1rias e demais entes envolvidos no com\u00e9rcio mar\u00edtimo. No mundo, o percentual do volume do com\u00e9rcio internacional de mercadorias que \u00e9 transportado por via mar\u00edtima \u00e9 de 80%. No Brasil, representa mais de 95% do nosso com\u00e9rcio exterior.<\/p>\n<p align=\"justify\">A implementa\u00e7\u00e3o do\u00a0<i>e-Navigation<\/i>\u00a0impactar\u00e1, mundialmente, diversos setores que exercem suas atividades no ambiente mar\u00edtimo, em \u00e1guas interiores e em seus respectivos portos. Da mesma forma que aeronaves e aeroportos se comunicam com rapidez e seguran\u00e7a, a implanta\u00e7\u00e3o do e-Navigation permitir\u00e1 a amplia\u00e7\u00e3o dessas capacidades para navios e portos.<\/p>\n<p align=\"justify\">O conceito baseia-se na harmoniza\u00e7\u00e3o dos sistemas de navega\u00e7\u00e3o e dos servi\u00e7os de apoio em terra com o prop\u00f3sito de redu\u00e7\u00e3o de erros, tornando a navega\u00e7\u00e3o nas \u00e1reas mar\u00edtimas e nas vias naveg\u00e1veis interiores mais confi\u00e1vel e mais simples.<\/p>\n<p align=\"justify\">No \u00e2mbito da AMB, a Diretoria-Geral de Navega\u00e7\u00e3o\u00a0\u00e9 respons\u00e1vel por acompanhar as iniciativas referentes ao e-<i>Navigation.\u00a0<\/i>A implementa\u00e7\u00e3o do conceito no Pa\u00eds demandar\u00e1 o envolvimento de diversos minist\u00e9rios e \u00f3rg\u00e3os afetos ao assunto, centrada\u00a0nas necessidades dos usu\u00e1rios da navega\u00e7\u00e3o mar\u00edtima, buscando a eficiente transfer\u00eancia de informa\u00e7\u00f5es e dados mar\u00edtimos entre todos os usu\u00e1rios: navio\/navio, navio\/porto, porto\/navio e porto\/porto.<\/p>\n<p align=\"justify\">Para o Diretor-Geral de Navega\u00e7\u00e3o, Almirante de Esquadra Wladmilson Borges de Aguiar, a implementa\u00e7\u00e3o do\u00a0<i>e-Navigation<\/i>\u00a0\u00e9 de relevante import\u00e2ncia para o desenvolvimento da Economia do Mar e do Poder Mar\u00edtimo. \u201cO conceito contribui para o crescimento do Pa\u00eds e para a redu\u00e7\u00e3o do custo Brasil. Al\u00e9m disso, em um pa\u00eds dotado de ricas caracter\u00edsticas mar\u00edtimas e fluviais, como o Brasil, o\u00a0<i>e-Navigation<\/i>\u00a0trar\u00e1 um olhar para diversas oportunidades, provenientes do uso de equipamentos, meios de comunica\u00e7\u00e3o e aumento de tr\u00e1fego de dados, gerando um verdadeiro portf\u00f3lio de informa\u00e7\u00f5es e servi\u00e7os\u201d, afirmou.<\/p>\n<p align=\"justify\">As \u00e1reas de atua\u00e7\u00e3o dos servi\u00e7os relacionados ao\u00a0<i>e-Navigation<\/i>\u00a0subdividem-se em \u00e1reas portu\u00e1rias e de aproxima\u00e7\u00e3o aos portos; \u00e1reas costeiras ou restritas; mar e \u00e1reas abertas; \u00e1reas polares; e \u00e1reas com empreendimentos\u00a0<i>offshore<\/i>.<\/p>\n<p align=\"justify\">Na \u00e1rea portu\u00e1ria, os usu\u00e1rios dos portos e terminais ser\u00e3o beneficiados pela implanta\u00e7\u00e3o das ferramentas do\u00a0<i>e-Navigation<\/i>\u00a0no Brasil, na medida em que elas se integrem a ferramentas de gest\u00e3o portu\u00e1ria e de\u00a0<i>Port Community System,\u00a0<\/i>sistema que praticamente centraliza todas as informa\u00e7\u00f5es dos complexos portu\u00e1rios, acess\u00edvel aos \u00f3rg\u00e3os p\u00fablicos e atores privados do setor mar\u00edtimo. Com sua implementa\u00e7\u00e3o,\u00a0toda a cadeia produtiva da atividade mar\u00edtima portu\u00e1ria, incluindo as administra\u00e7\u00f5es portu\u00e1rias, compartilhar\u00e1 os ganhos de seguran\u00e7a e troca de informa\u00e7\u00f5es disponibilizados pelas solu\u00e7\u00f5es.<\/p>\n<p align=\"justify\">Na \u00e1rea econ\u00f4mica, por sua vez, abrem-se perspectivas para a comercializa\u00e7\u00e3o de produtos\u00a0e servi\u00e7os\u00a0desenvolvidos especificamente para atender ao conceito\u00a0<i>e-Navigation<\/i>, sendo uma\u00a0relevante\u00a0oportunidade para a Base Industrial Brasileira.<\/p>\n<p align=\"justify\">Neste contexto, a\u00a0<a title=\"Marinha do Brasil\" href=\"https:\/\/defesaemfoco.com.br\/forcas-armadas\/marinha-do-brasil\/\" data-internallinksmanager029f6b8e52c=\"1\">Marinha do Brasil<\/a>\u00a0aprovou<i>\u00a0<\/i>uma estrat\u00e9gia de implementa\u00e7\u00e3o do\u00a0<i>e-Navigation<\/i>inicialmente\u00a0dividida nos eixos norteadores de Ci\u00eancia, Tecnologia e Inova\u00e7\u00e3o; Tecnologia da Informa\u00e7\u00e3o e Comunica\u00e7\u00f5es; Desenvolvimento Econ\u00f4mico; Seguran\u00e7a; Prote\u00e7\u00e3o; Capacita\u00e7\u00e3o do Ensino Profissional Mar\u00edtimo\u00a0(EPM); e adequa\u00e7\u00e3o e qualifica\u00e7\u00e3o do Sistema de Ensino Naval.<\/p>\n<p align=\"justify\">Certamente, o desenvolvimento e a implementa\u00e7\u00e3o do conceito ser\u00e3o extremamente importantes para o aprimoramento do transporte mar\u00edtimo, gerando benef\u00edcios como maior efici\u00eancia, seguran\u00e7a para o setor e\u00a0preven\u00e7\u00e3o da polui\u00e7\u00e3o h\u00eddrica.<\/p>\n<p align=\"justify\">Fonte: Defesa em Foco<\/p>\n","protected":false},"excerpt":{"rendered":"<p>O setor portu\u00e1rio brasileiro, formado pelos portos p\u00fablicos e terminais privados, movimentou 1,210 bilh\u00e3o de toneladas de carga em 2021. O n\u00famero representou um crescimento&#8230;<\/p>\n","protected":false},"author":1527,"featured_media":38059,"comment_status":"closed","ping_status":"closed","sticky":false,"template":"","format":"standard","meta":{"footnotes":""},"categories":[6],"tags":[],"class_list":["post-38058","post","type-post","status-publish","format-standard","has-post-thumbnail","hentry","category-noticias"],"_links":{"self":[{"href":"https:\/\/www.sincomam.org.br\/index.php\/wp-json\/wp\/v2\/posts\/38058","targetHints":{"allow":["GET"]}}],"collection":[{"href":"https:\/\/www.sincomam.org.br\/index.php\/wp-json\/wp\/v2\/posts"}],"about":[{"href":"https:\/\/www.sincomam.org.br\/index.php\/wp-json\/wp\/v2\/types\/post"}],"author":[{"embeddable":true,"href":"https:\/\/www.sincomam.org.br\/index.php\/wp-json\/wp\/v2\/users\/1527"}],"replies":[{"embeddable":true,"href":"https:\/\/www.sincomam.org.br\/index.php\/wp-json\/wp\/v2\/comments?post=38058"}],"version-history":[{"count":1,"href":"https:\/\/www.sincomam.org.br\/index.php\/wp-json\/wp\/v2\/posts\/38058\/revisions"}],"predecessor-version":[{"id":38060,"href":"https:\/\/www.sincomam.org.br\/index.php\/wp-json\/wp\/v2\/posts\/38058\/revisions\/38060"}],"wp:featuredmedia":[{"embeddable":true,"href":"https:\/\/www.sincomam.org.br\/index.php\/wp-json\/wp\/v2\/media\/38059"}],"wp:attachment":[{"href":"https:\/\/www.sincomam.org.br\/index.php\/wp-json\/wp\/v2\/media?parent=38058"}],"wp:term":[{"taxonomy":"category","embeddable":true,"href":"https:\/\/www.sincomam.org.br\/index.php\/wp-json\/wp\/v2\/categories?post=38058"},{"taxonomy":"post_tag","embeddable":true,"href":"https:\/\/www.sincomam.org.br\/index.php\/wp-json\/wp\/v2\/tags?post=38058"}],"curies":[{"name":"wp","href":"https:\/\/api.w.org\/{rel}","templated":true}]}}