{"id":38041,"date":"2022-02-24T08:30:48","date_gmt":"2022-02-24T11:30:48","guid":{"rendered":"http:\/\/www.sincomam.org.br\/?p=38041"},"modified":"2022-02-24T00:55:08","modified_gmt":"2022-02-24T03:55:08","slug":"expedicao-one-ocean-inicia-etapa-brasileira-no-rio","status":"publish","type":"post","link":"https:\/\/www.sincomam.org.br\/index.php\/expedicao-one-ocean-inicia-etapa-brasileira-no-rio\/","title":{"rendered":"Expedi\u00e7\u00e3o One Ocean inicia etapa brasileira no Rio"},"content":{"rendered":"<p>Pa\u00edses oce\u00e2nicos, que dependem de ind\u00fastrias oce\u00e2nicas sustent\u00e1veis para a prosperidade, sa\u00fade e futuro de suas comunidades costeiras, como Brasil e Noruega, esperam que o oceano possa gerar mais recursos e servi\u00e7os \u201cse for administrado com cuidado e de forma sustent\u00e1vel\u201d, disse o embaixador da Noruega no pa\u00eds, Odd Magne Ruud.<\/p>\n<p>O Consulado Geral da Noruega e a embaixada no Brasil promovem amanh\u00e3 (24), no Rio de Janeiro, o semin\u00e1rio Green Technology for Sustainable Oceans (Tecnologia Verde para Oceanos Sustent\u00e1veis), a bordo do veleiro Statsraad Lehmkuhl, que atracou hoje (23) no Pier Mau\u00e1, regi\u00e3o portu\u00e1ria da capital fluminense.<\/p>\n<p>O navio-escola Statsraad Lehmkuhl d\u00e1 in\u00edcio \u00e0 etapa brasileira da expedi\u00e7\u00e3o One Ocean, organizada pela Funda\u00e7\u00e3o Statsraad Lehmkuhl em parceria com o governo noruegu\u00eas, universidades, cientistas e empresas. A expedi\u00e7\u00e3o partiu da Noruega em agosto de 2021 e retornar\u00e1 \u00e0quele pa\u00eds em abril de 2023, depois de dar a volta ao mundo, visitando 36 portos em diferentes pa\u00edses. No Brasil, ficar\u00e1 at\u00e9 o dia 26 deste m\u00eas.<br \/>\nA pr\u00f3xima parada programada \u00e9 a cidade de Ushuaia, na Argentina.<\/p>\n<p><strong>Ci\u00eancia oce\u00e2nica<\/strong><br \/>\nA expedi\u00e7\u00e3o One Ocean faz parte da D\u00e9cada da Ci\u00eancia Oce\u00e2nica para o Desenvolvimento Sustent\u00e1vel (2020-2030), lan\u00e7ada pela Organiza\u00e7\u00e3o das Na\u00e7\u00f5es Unidas (ONU). Seu principal objetivo \u00e9 chamar a aten\u00e7\u00e3o e compartilhar conhecimento sobre o papel vital dos oceanos para um futuro sustent\u00e1vel para o mundo.<\/p>\n<p>O embaixador ressaltou que o Oceano Atl\u00e2ntico enfrenta, no momento, graves amea\u00e7as provocadas pelo homem, como mudan\u00e7as clim\u00e1ticas e polui\u00e7\u00e3o marinha. Essas s\u00e3o \u00e1reas consideradas priorit\u00e1rias pela Noruega. \u201cOs pl\u00e1sticos s\u00e3o uma amea\u00e7a global aos direitos humanos e ao meio ambiente, aos direitos \u00e0 vida, \u00e0 sa\u00fade, \u00e0 alimenta\u00e7\u00e3o. Vamos trabalhar juntos para uma economia azul, sustent\u00e1vel e justa.\u201d<\/p>\n<p>Segundo Ruud, a ent\u00e3o primeira-ministra da Noruega, Erna Soolberg, iniciou o Painel de Alto N\u00edvel para uma economia oce\u00e2nica sustent\u00e1vel em 2018. A ideia \u00e9  \u201ccriar mecanismos que levem a uma economia oce\u00e2nica sustent\u00e1vel, para criar melhor compreens\u00e3o internacional da conex\u00e3o entre a import\u00e2ncia econ\u00f4mica do oceano e os estados\u201d. Ele espera que a visita do veleiro contribua para a conscientiza\u00e7\u00e3o e engajamento do Brasil no combate \u00e0 excessiva polui\u00e7\u00e3o marinha.  A ideia, segundo o embaixador, \u00e9 motivar o Brasil para se tornar um membro do Painel de Alto N\u00edvel.<\/p>\n<p><strong>Transi\u00e7\u00e3o verde<\/strong><br \/>\nO embaixador da Noruega destacou a parceria importante entre Noruega e Brasil em termos de pr\u00e1ticas sustent\u00e1veis para uma transi\u00e7\u00e3o verde, em especial no setor de energia. \u201cO Brasil \u00e9 um pa\u00eds muito importante para a Noruega. A rela\u00e7\u00e3o bilateral hist\u00f3rica \u00e9 baseada no oceano. O com\u00e9rcio de bacalhau e caf\u00e9 (entre os dois pa\u00edses) remonta h\u00e1 mais de 180 anos\u201d. O embaixador lembrou que a Noruega tem o segundo maior litoral do mundo, \u201cincluindo os fiordes\u201d. Fiordes s\u00e3o grandes entradas de mar entre altas montanhas rochosas originada da eros\u00e3o provocada pelo gelo.<\/p>\n<p>Apesar de constituir miss\u00e3o mundial, todos os membros da expedi\u00e7\u00e3o One Ocean s\u00e3o noruegueses. Em alguns portos, dependendo da situa\u00e7\u00e3o sanit\u00e1ria imposta pela pandemia da covid-19, o veleiro consegue receber, para interc\u00e2mbio e experi\u00eancia, pessoas de outras nacionalidades que desembarcam na parada seguinte. A expedi\u00e7\u00e3o recebeu tamb\u00e9m autoriza\u00e7\u00e3o de autoridades brasileiras para fazer pesquisas no litoral do pa\u00eds.<\/p>\n<p>No per\u00edodo de 28 deste m\u00eas a 2 de mar\u00e7o, ser\u00e1 realizada a 5\u00aa Assembleia das Na\u00e7\u00f5es Unidas para o Meio Ambiente (Unea-5.2) nos formato online e presencial em Nair\u00f3bi, Qu\u00eania, durante a qual ser\u00e1 negociado um acordo global contra a polui\u00e7\u00e3o marinha. O tema geral da assembleia \u00e9 o fortalecimento das a\u00e7\u00f5es para que a natureza alcance as metas de desenvolvimento sustent\u00e1vel.<\/p>\n<p><strong>Tecnologia<\/strong><br \/>\nCom 98 metros de comprimento, o veleiro Statsraad Lehmkuhl tem 108 anos de idade. A embarca\u00e7\u00e3o foi toda reformada e equipada com tecnologia de \u00faltima gera\u00e7\u00e3o para coletar dados sobre f\u00edsica, qu\u00edmica e biologia dos oceanos ao longo da viagem. Atua tamb\u00e9m como uma universidade flutuante, recebendo equipes de estudantes e jovens l\u00edderes nas diferentes etapas da viagem.<\/p>\n<p>O veleiro realiza ainda confer\u00eancias, semin\u00e1rios e outros eventos a bordo durante as paradas nos portos e disponibiliza acesso em tempo real a dados, v\u00eddeos e hist\u00f3rias da expedi\u00e7\u00e3o para inspirar jovens, cientistas e cidad\u00e3os a engajar-se em prol de a\u00e7\u00f5es de desenvolvimento sustent\u00e1vel com base nos oceanos.<\/p>\n<p>Os instrumentos modernos permitem medir, por exemplo, n\u00edveis de g\u00e1s carb\u00f4nico (CO2), micropl\u00e1stico, acidifica\u00e7\u00e3o dos oceanos, biodiversidade e temperatura dos oceanos. Coleta tamb\u00e9m dados ac\u00fasticos de alta qualidade em alto mar, tanto de escuta passiva quanto de ecossondas ativas. A amostragem de \u00e1gua em andamento permite t\u00e9cnicas modernas e poderosas, como an\u00e1lises de DNA.<\/p>\n<p>A c\u00f4nsul-geral da Noruega no Rio de Janeiro, Marianne Fosland, acredita que investir em pesquisa e inova\u00e7\u00e3o \u00e9 vital para alcan\u00e7ar o objetivo do desenvolvimento sustent\u00e1vel (ODS) n\u00famero 14 da ONU, no sentido de proteger e usar o oceano e os recursos marinhos de uma forma que promova o desenvolvimento sustent\u00e1vel.<\/p>\n<p><strong>Ecossonda<\/strong><br \/>\nUm dos sensores cient\u00edficos de \u00faltima gera\u00e7\u00e3o a bordo do Statsraad Lehmkuhl \u00e9 a ecossonda cient\u00edfica de banda larga Kongsberg Maritime EK80, que coleta continuamente dados da quilha at\u00e9 mil metros abaixo do navio, revelando a densidade e o comportamento de peixes e zoopl\u00e2ncton no oceano e nas \u00e1reas costeiras por onde o navio passa.<\/p>\n<p>A expedi\u00e7\u00e3o busca respostas sobre a distribui\u00e7\u00e3o global das camadas mesopel\u00e1gicas, situadas entre 200 a mil metros de profundidade. Trata-se de uma das partes menos compreendidas do oceano, mas que \u00e9 tamb\u00e9m uma das mais importantes.<\/p>\n<p>Organismos que habitam a camada mesopel\u00e1gica s\u00e3o uma parte importante da cadeia alimentar oce\u00e2nica e transferem grandes quantidades de carbono da zona da superf\u00edcie para o oceano profundo, desempenhando papel de destaque no combate \u00e0s mudan\u00e7as clim\u00e1ticas. A pesca mesopel\u00e1gica tamb\u00e9m \u00e9 uma potencial nova pesca global e uma importante fonte de nutrientes no futuro.<\/p>\n<p><strong>Semana One Ocean<\/strong><br \/>\nQuando o navio retornar para o seu porto de partida, a cidade de Bergen sediar\u00e1 a Semana One Ocean, encontro internacional que ter\u00e1 confer\u00eancias, oficinas, entre outros eventos, para os quais ser\u00e3o convidados representantes de todos os 36 portos que o veleiro Statsraad Lehmkuhl visitar\u00e1 durante seus vinte meses no mar.<\/p>\n<p>Fonte: Defesa em Foco<\/p>\n","protected":false},"excerpt":{"rendered":"<p>Pa\u00edses oce\u00e2nicos, que dependem de ind\u00fastrias oce\u00e2nicas sustent\u00e1veis para a prosperidade, sa\u00fade e futuro de suas comunidades costeiras, como Brasil e Noruega, esperam que o&#8230;<\/p>\n","protected":false},"author":1527,"featured_media":38042,"comment_status":"closed","ping_status":"closed","sticky":false,"template":"","format":"standard","meta":{"footnotes":""},"categories":[6],"tags":[],"class_list":["post-38041","post","type-post","status-publish","format-standard","has-post-thumbnail","hentry","category-noticias"],"_links":{"self":[{"href":"https:\/\/www.sincomam.org.br\/index.php\/wp-json\/wp\/v2\/posts\/38041","targetHints":{"allow":["GET"]}}],"collection":[{"href":"https:\/\/www.sincomam.org.br\/index.php\/wp-json\/wp\/v2\/posts"}],"about":[{"href":"https:\/\/www.sincomam.org.br\/index.php\/wp-json\/wp\/v2\/types\/post"}],"author":[{"embeddable":true,"href":"https:\/\/www.sincomam.org.br\/index.php\/wp-json\/wp\/v2\/users\/1527"}],"replies":[{"embeddable":true,"href":"https:\/\/www.sincomam.org.br\/index.php\/wp-json\/wp\/v2\/comments?post=38041"}],"version-history":[{"count":1,"href":"https:\/\/www.sincomam.org.br\/index.php\/wp-json\/wp\/v2\/posts\/38041\/revisions"}],"predecessor-version":[{"id":38043,"href":"https:\/\/www.sincomam.org.br\/index.php\/wp-json\/wp\/v2\/posts\/38041\/revisions\/38043"}],"wp:featuredmedia":[{"embeddable":true,"href":"https:\/\/www.sincomam.org.br\/index.php\/wp-json\/wp\/v2\/media\/38042"}],"wp:attachment":[{"href":"https:\/\/www.sincomam.org.br\/index.php\/wp-json\/wp\/v2\/media?parent=38041"}],"wp:term":[{"taxonomy":"category","embeddable":true,"href":"https:\/\/www.sincomam.org.br\/index.php\/wp-json\/wp\/v2\/categories?post=38041"},{"taxonomy":"post_tag","embeddable":true,"href":"https:\/\/www.sincomam.org.br\/index.php\/wp-json\/wp\/v2\/tags?post=38041"}],"curies":[{"name":"wp","href":"https:\/\/api.w.org\/{rel}","templated":true}]}}