{"id":37990,"date":"2022-02-22T08:22:33","date_gmt":"2022-02-22T11:22:33","guid":{"rendered":"http:\/\/www.sincomam.org.br\/?p=37990"},"modified":"2022-02-22T08:22:33","modified_gmt":"2022-02-22T11:22:33","slug":"pis-pasep-caixa-e-banco-do-brasil-pagam-abono-salarial-a-mais-trabalhadores-nesta-terca-feira","status":"publish","type":"post","link":"https:\/\/www.sincomam.org.br\/index.php\/pis-pasep-caixa-e-banco-do-brasil-pagam-abono-salarial-a-mais-trabalhadores-nesta-terca-feira\/","title":{"rendered":"PIS\/Pasep: Caixa e Banco do Brasil pagam abono salarial a mais trabalhadores nesta ter\u00e7a-feira"},"content":{"rendered":"<p>Nesta ter\u00e7a-feira (dia 22), mais trabalhadores brasileiros v\u00e3o receber o abono salarial do PIS\/Pasep. Empregados da iniciativa privada nascidos em maio, com direito ao PIS, poder\u00e3o sacar o dinheiro nas ag\u00eancias da Caixa Econ\u00f4mica Federal, enquanto servidores e funcion\u00e1rios de empresas p\u00fablicas nascidos em abril poder\u00e3o recorrer ao Banco do Brasil (BB), desde que fa\u00e7am jus ao Pasep.<\/p>\n<p>O calend\u00e1rio deste ano \u00e9 mais sucinto do que os de anos anteriores, que costumavam come\u00e7ar em julho de um determinado ano e se estender at\u00e9 junho do ano seguinte. Por conta da necessidade de guardar recursos para pagar o aux\u00edlio emergencial em 2021, o governo federal adiou para 2022 todo o cronograma de libera\u00e7\u00e3o do abono.<\/p>\n<p>T\u00eam direito aqueles que trabalharam com registro formal por pelo menos 30 dias neste ano, recebendo, em m\u00e9dia, at\u00e9 dois sal\u00e1rios m\u00ednimos nacionais. Tamb\u00e9m \u00e9 preciso estar inscrito no PIS\/Pasep h\u00e1, pelo menos, cinco anos. Estima-se que 22 milh\u00f5es de pessoas ser\u00e3o beneficiadas, num total de R$ 20 bilh\u00f5es<\/p>\n<p>Com o aumento do sal\u00e1rio m\u00ednimo em 1\u00ba de janeiro, o valor do abono salarial passou a variar de R$ 101 a R$ 1.212, de acordo com a quantidade de meses trabalhados. S\u00f3 receber\u00e1 o valor m\u00e1ximo quem trabalhou os 12 meses de 2020.<\/p>\n<p>Para saber se tem algo a receber, \u00e9 preciso acessar o aplicativo Carteira de Trabalho Digital, clicar na aba &#8220;Benef\u00edcios&#8221; e depois em &#8220;Abono salarial&#8221;. Outra op\u00e7\u00e3o \u00e9 ligar para o telefone 158.<\/p>\n<p><strong>Veja o calend\u00e1rio<\/strong><br \/>\n<strong>PIS<\/strong><br \/>\nA libera\u00e7\u00e3o ocorrer\u00e1 de forma escalonada, e o dinheiro ficar\u00e1 dispon\u00edvel para saque at\u00e9 29 de dezembro.<\/p>\n<p><strong>M\u00eas de nascimento x Data de pagamento<\/strong><\/p>\n<p>Janeiro &#8211; 08\/02\/2022<br \/>\nFevereiro -10\/02\/2022<br \/>\nMar\u00e7o &#8211; 15\/02\/2022<br \/>\nAbril &#8211; 17\/02\/2022<br \/>\nMaio &#8211; 22\/02\/2022<br \/>\nJunho &#8211; 24\/02\/2022<br \/>\nJulho &#8211; 15\/03\/2022<br \/>\nAgosto &#8211; 17\/03\/2022<br \/>\nSetembro &#8211; 22\/03\/2022<br \/>\nOutubro &#8211; 24\/03\/2022<br \/>\nNovembro &#8211; 29\/03\/2022<br \/>\nDezembro &#8211; 31\/03\/2022<\/p>\n<p><strong>Pasep<\/strong><br \/>\nO saque vai depender do n\u00famero de inscri\u00e7\u00e3o do servidor p\u00fablico. O prazo para retirada tamb\u00e9m ser\u00e1 29 de dezembro.<\/p>\n<p><strong>N\u00famero de inscri\u00e7\u00e3o x Data de pagamento<\/strong><\/p>\n<p>0 e 1 &#8211; 15 de fevereiro<br \/>\n2 e 3 &#8211; 17 de fevereiro<br \/>\n4 &#8211; 22 de fevereiro<br \/>\n5 &#8211; 24 de fevereiro<br \/>\n6 &#8211; 15 de mar\u00e7o<br \/>\n7 &#8211; 17 de mar\u00e7o<br \/>\n8 &#8211; 22 de mar\u00e7o<br \/>\n9 &#8211; 24 de mar\u00e7o<\/p>\n<p>Fonte: Jornal Extra<\/p>\n","protected":false},"excerpt":{"rendered":"<p>Nesta ter\u00e7a-feira (dia 22), mais trabalhadores brasileiros v\u00e3o receber o abono salarial do PIS\/Pasep. Empregados da iniciativa privada nascidos em maio, com direito ao PIS,&#8230;<\/p>\n","protected":false},"author":1527,"featured_media":31111,"comment_status":"closed","ping_status":"closed","sticky":false,"template":"","format":"standard","meta":{"footnotes":""},"categories":[6],"tags":[],"class_list":["post-37990","post","type-post","status-publish","format-standard","has-post-thumbnail","hentry","category-noticias"],"_links":{"self":[{"href":"https:\/\/www.sincomam.org.br\/index.php\/wp-json\/wp\/v2\/posts\/37990","targetHints":{"allow":["GET"]}}],"collection":[{"href":"https:\/\/www.sincomam.org.br\/index.php\/wp-json\/wp\/v2\/posts"}],"about":[{"href":"https:\/\/www.sincomam.org.br\/index.php\/wp-json\/wp\/v2\/types\/post"}],"author":[{"embeddable":true,"href":"https:\/\/www.sincomam.org.br\/index.php\/wp-json\/wp\/v2\/users\/1527"}],"replies":[{"embeddable":true,"href":"https:\/\/www.sincomam.org.br\/index.php\/wp-json\/wp\/v2\/comments?post=37990"}],"version-history":[{"count":1,"href":"https:\/\/www.sincomam.org.br\/index.php\/wp-json\/wp\/v2\/posts\/37990\/revisions"}],"predecessor-version":[{"id":37992,"href":"https:\/\/www.sincomam.org.br\/index.php\/wp-json\/wp\/v2\/posts\/37990\/revisions\/37992"}],"wp:featuredmedia":[{"embeddable":true,"href":"https:\/\/www.sincomam.org.br\/index.php\/wp-json\/wp\/v2\/media\/31111"}],"wp:attachment":[{"href":"https:\/\/www.sincomam.org.br\/index.php\/wp-json\/wp\/v2\/media?parent=37990"}],"wp:term":[{"taxonomy":"category","embeddable":true,"href":"https:\/\/www.sincomam.org.br\/index.php\/wp-json\/wp\/v2\/categories?post=37990"},{"taxonomy":"post_tag","embeddable":true,"href":"https:\/\/www.sincomam.org.br\/index.php\/wp-json\/wp\/v2\/tags?post=37990"}],"curies":[{"name":"wp","href":"https:\/\/api.w.org\/{rel}","templated":true}]}}