{"id":37949,"date":"2022-02-16T10:50:12","date_gmt":"2022-02-16T13:50:12","guid":{"rendered":"http:\/\/www.sincomam.org.br\/?p=37949"},"modified":"2022-02-16T10:50:12","modified_gmt":"2022-02-16T13:50:12","slug":"monitoramento-do-ar-e-de-ruidos-nos-portos-de-paranagua-e-antonina-confirma-bons-indices","status":"publish","type":"post","link":"https:\/\/www.sincomam.org.br\/index.php\/monitoramento-do-ar-e-de-ruidos-nos-portos-de-paranagua-e-antonina-confirma-bons-indices\/","title":{"rendered":"MONITORAMENTO DO AR E DE RU\u00cdDOS NOS PORTOS DE PARANAGU\u00c1 E ANTONINA CONFIRMA BONS \u00cdNDICES"},"content":{"rendered":"<p>A diretoria de Meio Ambiente da Portos do Paran\u00e1 monitorou, durante a semana passada, a qualidade do ar e a emiss\u00e3o de ru\u00eddos em Paranagu\u00e1 e Antonina. A a\u00e7\u00e3o se deu na \u00e1rea chamada Porto Organizado, que envolve toda a estrutura portu\u00e1ria, mais o entorno, abrangendo as empresas.<\/p>\n<p>O primeiro monitoramento \u00e9 uma das a\u00e7\u00f5es do Programa de Gerenciamento de Emiss\u00f5es Atmosf\u00e9ricas e o segundo se encaixa no Programa de Gerenciamento de Emiss\u00e3o de Ru\u00eddos \u2013 ambos fazem parte do licenciamento ambiental de opera\u00e7\u00e3o dos portos paranaenses, conduzido pelo Instituto Brasileiro do Meio Ambiente e dos Recursos Naturais Renov\u00e1veis (Ibama).<\/p>\n<p>\u201cEm Antonina, em todas as \u00faltimas medi\u00e7\u00f5es os resultados revelam que os \u00edndices de qualidade do ar e de ru\u00eddos s\u00e3o predominantemente bons. Em Paranagu\u00e1, comemoramos que tanto no porto quanto nas \u00e1reas mais afastadas, mais pr\u00f3ximas da cidade, os \u00edndices tamb\u00e9m s\u00e3o bons\u201d, afirma Jo\u00e3o Paulo Santana, diretor de Meio Ambiente da Portos do Paran\u00e1.<\/p>\n<p>\u201cParalelamente, a equipe de Meio Ambiente dos Portos do Paran\u00e1 mant\u00e9m di\u00e1logo constante com os operadores portu\u00e1rios com o objetivo de estudar a\u00e7\u00f5es para melhorar ambos os \u00edndices na regi\u00e3o do Porto Organizado\u201d, ressalta Santana.<\/p>\n<p>Durante o monitoramento da qualidade do ar s\u00e3o medidos sete par\u00e2metros: n\u00edveis de part\u00edculas totais em suspens\u00e3o, part\u00edculas inal\u00e1veis, fuma\u00e7a, di\u00f3xido de enxofre, mon\u00f3xido de carbono, oz\u00f4nio e di\u00f3xido de nitrog\u00eanio.<\/p>\n<p>No monitoramento da emiss\u00e3o de ru\u00eddos s\u00e3o identificadas e mapeadas todas as fontes geradoras de ru\u00eddos. Atrav\u00e9s do levantamento \u00e9 feito estudo de viabilidade t\u00e9cnico-financeira de alternativas para neutraliza\u00e7\u00e3o ou mitiga\u00e7\u00e3o desses ru\u00eddos, com posterior avalia\u00e7\u00e3o do desempenho das alternativas adotadas.<\/p>\n<p><strong>MONITORAMENTO<\/strong> \u2013 Em Paranagu\u00e1, a qualidade do ar \u00e9 monitorada mensalmente em 12 esta\u00e7\u00f5es localizadas na \u00e1rea do Porto Organizado e no entorno. Em Antonina, ocorre a cada tr\u00eas meses, em tr\u00eas pontos.<\/p>\n<p>O monitoramento de ru\u00eddos \u00e9 mensal, nos per\u00edodos diurno e noturno. S\u00e3o 21 pontos distribu\u00eddos na poligonal e na \u00e1rea urbana do munic\u00edpio de Paranagu\u00e1. Em Antonina, a a\u00e7\u00e3o acontece de forma trimestral, em oito pontos de medi\u00e7\u00e3o.<\/p>\n<p><strong>HIST\u00d3RICO <\/strong>\u2013 Em 2021, em terra, as equipes fizeram mais de 500 medi\u00e7\u00f5es da qualidade de fuma\u00e7a expelida por caminh\u00f5es e outras m\u00e1quinas. Al\u00e9m disso, a qualidade do ar foi monitorada durante 138 dias em 12 pontos de Paranagu\u00e1 e tr\u00eas em Antonina. Nas avalia\u00e7\u00f5es de ru\u00eddos, foram 531 medi\u00e7\u00f5es, totalizando 44 horas em 21 pontos de Paranagu\u00e1 e oito pontos de Antonina.<\/p>\n<p><strong>INVENT\u00c1RIO<\/strong> \u2013 O Programa de Monitoramento da Qualidade do Ar tamb\u00e9m mant\u00e9m um invent\u00e1rio atualizado de fontes fixas de emiss\u00f5es atmosf\u00e9ricas, sendo os equipamentos envolvidos na carga e descarga de gran\u00e9is s\u00f3lidos frequentemente avaliados. S\u00e3o acompanhadas tamb\u00e9m as emiss\u00f5es de fontes m\u00f3veis, a\u00e7\u00e3o que envolve a verifica\u00e7\u00e3o mensal dos n\u00edveis de fuma\u00e7a preta de cerca de 400 ve\u00edculos a diesel, tanto da frota interna dos Portos do Paran\u00e1 quanto da frota de terceiros.<\/p>\n<p>O Porto de Paranagu\u00e1 \u00e9 o porto p\u00fablico brasileiro, de grande porte, melhor colocado no \u00cdndice de Desenvolvimento Ambiental promovido pela Ag\u00eancia Nacional de Transportes Aquavi\u00e1rios (Antaq).<\/p>\n<p>Fonte: Informativo dos Portos<\/p>\n","protected":false},"excerpt":{"rendered":"<p>A diretoria de Meio Ambiente da Portos do Paran\u00e1 monitorou, durante a semana passada, a qualidade do ar e a emiss\u00e3o de ru\u00eddos em Paranagu\u00e1&#8230;<\/p>\n","protected":false},"author":1527,"featured_media":0,"comment_status":"closed","ping_status":"closed","sticky":false,"template":"","format":"standard","meta":{"footnotes":""},"categories":[6],"tags":[],"class_list":["post-37949","post","type-post","status-publish","format-standard","hentry","category-noticias"],"_links":{"self":[{"href":"https:\/\/www.sincomam.org.br\/index.php\/wp-json\/wp\/v2\/posts\/37949","targetHints":{"allow":["GET"]}}],"collection":[{"href":"https:\/\/www.sincomam.org.br\/index.php\/wp-json\/wp\/v2\/posts"}],"about":[{"href":"https:\/\/www.sincomam.org.br\/index.php\/wp-json\/wp\/v2\/types\/post"}],"author":[{"embeddable":true,"href":"https:\/\/www.sincomam.org.br\/index.php\/wp-json\/wp\/v2\/users\/1527"}],"replies":[{"embeddable":true,"href":"https:\/\/www.sincomam.org.br\/index.php\/wp-json\/wp\/v2\/comments?post=37949"}],"version-history":[{"count":1,"href":"https:\/\/www.sincomam.org.br\/index.php\/wp-json\/wp\/v2\/posts\/37949\/revisions"}],"predecessor-version":[{"id":37951,"href":"https:\/\/www.sincomam.org.br\/index.php\/wp-json\/wp\/v2\/posts\/37949\/revisions\/37951"}],"wp:attachment":[{"href":"https:\/\/www.sincomam.org.br\/index.php\/wp-json\/wp\/v2\/media?parent=37949"}],"wp:term":[{"taxonomy":"category","embeddable":true,"href":"https:\/\/www.sincomam.org.br\/index.php\/wp-json\/wp\/v2\/categories?post=37949"},{"taxonomy":"post_tag","embeddable":true,"href":"https:\/\/www.sincomam.org.br\/index.php\/wp-json\/wp\/v2\/tags?post=37949"}],"curies":[{"name":"wp","href":"https:\/\/api.w.org\/{rel}","templated":true}]}}