{"id":37946,"date":"2022-02-16T10:47:14","date_gmt":"2022-02-16T13:47:14","guid":{"rendered":"http:\/\/www.sincomam.org.br\/?p=37946"},"modified":"2022-02-16T10:47:14","modified_gmt":"2022-02-16T13:47:14","slug":"representantes-da-agencia-brasileira-de-inteligencia-abin-visitam-porto-de-itajai","status":"publish","type":"post","link":"https:\/\/www.sincomam.org.br\/index.php\/representantes-da-agencia-brasileira-de-inteligencia-abin-visitam-porto-de-itajai\/","title":{"rendered":"REPRESENTANTES DA AG\u00caNCIA BRASILEIRA DE INTELIG\u00caNCIA (ABIN) VISITAM PORTO DE ITAJA\u00cd"},"content":{"rendered":"<p>O Superintendente do Porto de Itaja\u00ed, F\u00e1bio da Veiga, acompanhado pelo Diretor Geral de Engenharia, Jucelino dos Santos Sora e pelo Assessor Jur\u00eddico, Ronaldo Camargo de Souza, receberam na sede da superintend\u00eancia (Autoridade Portu\u00e1ria), a visita de Juliana Nicola Kilian, Superintendente do Escrit\u00f3rio da Ag\u00eancia Brasileira de Intelig\u00eancia (ABIN), de Santa Catarina, Luciana Ehrhardt Campos, Chefe da Divis\u00e3o de Produ\u00e7\u00e3o, para uma visita institucional ao Porto de Itaja\u00ed.<\/p>\n<p>Com sede em Bras\u00edlia, a Ag\u00eancia foi consolidada pela lei 9.883, de 7 de dezembro de 1999, constitu\u00edda como um \u00f3rg\u00e3o de estado permanente, com atua\u00e7\u00e3o nacional e representantes no exterior. Vinculado ao Gabinete de Seguran\u00e7a Institucional, a Ag\u00eancia tornou-se respons\u00e1vel por fornecer ao presidente da Rep\u00fablica e a seus ministros, informa\u00e7\u00f5es, relat\u00f3rios e an\u00e1lises estrat\u00e9gicas, necess\u00e1rias ao processo de decis\u00e3o.<\/p>\n<p>Para o Superintendente do Porto de Itaja\u00ed, F\u00e1bio da Veiga, a visita institucional das representantes ao Porto de Itaja\u00ed, tornou-se uma oportunidade para enfatizar a transpar\u00eancia e capacidade de um novo modelo de gest\u00e3o, intitulada como Autoridade Portu\u00e1ria P\u00fablica Municipal:<\/p>\n<p>\u201cEstamos felizes com a visita institucional organizada pela Ag\u00eancia Brasileira de Intelig\u00eancia, e consideramos importante manter esse v\u00ednculo, sobretudo, para que possamos comprovar a qualidade da seguran\u00e7a portu\u00e1ria de Itaja\u00ed. O bom relacionamento com os \u00f3rg\u00e3os intervenientes, que atuam junto as fun\u00e7\u00f5es fiscalizadoras, de seguran\u00e7a e alf\u00e2ndega como ANVISA (Ag\u00eancia Nacional de Vigil\u00e2ncia Sanit\u00e1ria), Receita Federal, MAPA, Pol\u00edcia Federal, Delegacia da Capitania dos Portos de Itaja\u00ed, entre outros, permanecem em vigor. A capacidade e efici\u00eancia do Porto de Itaja\u00ed, reflete na movimenta\u00e7\u00e3o portu\u00e1ria, e continuaremos a fazer, tudo que est\u00e1 em nosso alcance, para que os nossos \u00edndices de desempenho continuem como um modelo exemplar\u201d, pontua F\u00e1bio.<\/p>\n<p>A ABIN tem como fun\u00e7\u00e3o, garantir que o Executivo Federal tenha acesso a conhecimentos referentes \u00e0 seguran\u00e7a do Estado e da sociedade, como os que envolvem defesa externa, rela\u00e7\u00f5es exteriores, desenvolvimento socioecon\u00f4mico, seguran\u00e7a interna e desenvolvimento cient\u00edfico-tecnol\u00f3gico. Para cumprir essa responsabilidade institucional, os profissionais de intelig\u00eancia estabelecem conhecimentos estrat\u00e9gicos atrav\u00e9s da an\u00e1lise de fatos, eventos ou at\u00e9 mesmo, situa\u00e7\u00f5es que permitam a identifica\u00e7\u00e3o de oportunidades e amea\u00e7as relacionadas \u00e0 prote\u00e7\u00e3o das fronteiras nacionais, seguran\u00e7a de infraestruturas cr\u00edticas, seguran\u00e7a das informa\u00e7\u00f5es e das comunica\u00e7\u00f5es, defesa do meio ambiente entre outros assuntos.<\/p>\n<p>\u201cEssa visita foi essencial para podermos compreender, o quanto o Porto de Itaja\u00ed \u00e9 refer\u00eancia no Brasil em termos de seguran\u00e7a e estrutura, e poder aplicar essa macro estrutura para outros portos que n\u00e3o est\u00e3o nesse n\u00edvel de operatividade. A ABIN assessora o presidente da rep\u00fablica em todos os n\u00edveis decis\u00f3rios, hoje n\u00f3s mantemos um panorama de como est\u00e1 a seguran\u00e7a nos portos do pa\u00eds, e informamos o ministro e a presid\u00eancia da Rep\u00fablica. \u00c9 uma honra ter a possibilidade de conhecer melhor a estrutura do Porto de Itaja\u00ed, estamos a disposi\u00e7\u00e3o para melhorar essa interlocu\u00e7\u00e3o com os \u00f3rg\u00e3os federais, com a Presid\u00eancia da Rep\u00fablica e estamos a disposi\u00e7\u00e3o para o que for preciso\u201d, informa Juliana Nicola Kilian, Superintendente do escrit\u00f3rio da ABIN, na Capital de Santa Catarina.<\/p>\n<p>Na oportunidade, o Coordenador-Geral de Sistema de Seguran\u00e7a Portu\u00e1ria, Sandro de Ramos, apresentou diversas \u00e1reas do setor portu\u00e1rio, e garantiu a import\u00e2ncia de permanecer com a seguran\u00e7a portu\u00e1ria em car\u00e1ter de excel\u00eancia:<\/p>\n<p>\u201cN\u00f3s mostramos a forma regulat\u00f3ria para acessar a \u00e1rea portu\u00e1ria, desde o cadastro, ao local de acesso dos caminh\u00f5es, e confer\u00eancia de entrada e sa\u00edda dos caminh\u00f5es, assim como todo o setor da empresa que realiza opera\u00e7\u00f5es, a arrendat\u00e1ria APM Terminals. Comprovamos neste per\u00edodo de visita\u00e7\u00e3o, que n\u00e3o h\u00e1 transi\u00e7\u00e3o de pedestres em locais proibidos, e ressaltamos a necessidade destes caminhos seguros, onde a passagem \u00e9 permitida na \u00e1rea portu\u00e1ria. Ocorreu a verifica\u00e7\u00e3o do funcionamento de locomo\u00e7\u00e3o dentro da \u00e1rea portu\u00e1ria, onde \u00e9 realizada atrav\u00e9s de transporte veicular. Informamos a utiliza\u00e7\u00e3o do detector de metais, assim como o motivo da exig\u00eancia, cujo principal objetivo \u00e9 garantir e manter a seguran\u00e7a de todos que transitam na \u00e1rea portu\u00e1ria. Ficamos felizes com esta visita, o setor de monitoramento, assim como a limpeza e organiza\u00e7\u00e3o tamb\u00e9m receberam elogios devido a qualidade de imagem e quantidade de c\u00e2meras, onde somente na \u00e1rea p\u00fablica, temos 251 unidades instaladas, e na \u00e1rea arrendada 227, totalizando 478 c\u00e2meras. Essa rela\u00e7\u00e3o \u00e9 bastante importante, pois tudo que engloba a seguran\u00e7a, torna-se imprescind\u00edvel\u201d, enfatiza Sandro.<\/p>\n<p>Fonte: Informativo dos portos<\/p>\n","protected":false},"excerpt":{"rendered":"<p>O Superintendente do Porto de Itaja\u00ed, F\u00e1bio da Veiga, acompanhado pelo Diretor Geral de Engenharia, Jucelino dos Santos Sora e pelo Assessor Jur\u00eddico, Ronaldo Camargo&#8230;<\/p>\n","protected":false},"author":1527,"featured_media":37947,"comment_status":"closed","ping_status":"closed","sticky":false,"template":"","format":"standard","meta":{"footnotes":""},"categories":[6],"tags":[],"class_list":["post-37946","post","type-post","status-publish","format-standard","has-post-thumbnail","hentry","category-noticias"],"_links":{"self":[{"href":"https:\/\/www.sincomam.org.br\/index.php\/wp-json\/wp\/v2\/posts\/37946","targetHints":{"allow":["GET"]}}],"collection":[{"href":"https:\/\/www.sincomam.org.br\/index.php\/wp-json\/wp\/v2\/posts"}],"about":[{"href":"https:\/\/www.sincomam.org.br\/index.php\/wp-json\/wp\/v2\/types\/post"}],"author":[{"embeddable":true,"href":"https:\/\/www.sincomam.org.br\/index.php\/wp-json\/wp\/v2\/users\/1527"}],"replies":[{"embeddable":true,"href":"https:\/\/www.sincomam.org.br\/index.php\/wp-json\/wp\/v2\/comments?post=37946"}],"version-history":[{"count":1,"href":"https:\/\/www.sincomam.org.br\/index.php\/wp-json\/wp\/v2\/posts\/37946\/revisions"}],"predecessor-version":[{"id":37948,"href":"https:\/\/www.sincomam.org.br\/index.php\/wp-json\/wp\/v2\/posts\/37946\/revisions\/37948"}],"wp:featuredmedia":[{"embeddable":true,"href":"https:\/\/www.sincomam.org.br\/index.php\/wp-json\/wp\/v2\/media\/37947"}],"wp:attachment":[{"href":"https:\/\/www.sincomam.org.br\/index.php\/wp-json\/wp\/v2\/media?parent=37946"}],"wp:term":[{"taxonomy":"category","embeddable":true,"href":"https:\/\/www.sincomam.org.br\/index.php\/wp-json\/wp\/v2\/categories?post=37946"},{"taxonomy":"post_tag","embeddable":true,"href":"https:\/\/www.sincomam.org.br\/index.php\/wp-json\/wp\/v2\/tags?post=37946"}],"curies":[{"name":"wp","href":"https:\/\/api.w.org\/{rel}","templated":true}]}}