{"id":37940,"date":"2022-02-16T10:37:17","date_gmt":"2022-02-16T13:37:17","guid":{"rendered":"http:\/\/www.sincomam.org.br\/?p=37940"},"modified":"2022-02-16T10:37:17","modified_gmt":"2022-02-16T13:37:17","slug":"velas-latinoamerica-2022-relembra-a-importancia-da-marinha-para-a-independencia-do-brasil","status":"publish","type":"post","link":"https:\/\/www.sincomam.org.br\/index.php\/velas-latinoamerica-2022-relembra-a-importancia-da-marinha-para-a-independencia-do-brasil\/","title":{"rendered":"Velas Latinoamerica 2022 relembra a import\u00e2ncia da Marinha para a Independ\u00eancia do Brasil"},"content":{"rendered":"<p>Foi declarado, oficialmente, o in\u00edcio do Velas Latinoamerica 2022. Em cerim\u00f4nia realizada, no Rio de Janeiro, o Comandante de Opera\u00e7\u00f5es Navais, Almirante de Esquadra Marcos Sampaio Olsen, representando o Comandante da Marinha, declarou a abertura do evento. \u201cEm 2010, comemoramos o bicenten\u00e1rio dos primeiros movimentos de independ\u00eancia do continente sul-americano. Em 2018, houve a celebra\u00e7\u00e3o do bicenten\u00e1rio nacional do Chile. J\u00e1 a edi\u00e7\u00e3o desse ano se reveste de profunda representatividade porque comemora-se os 200 anos da Independ\u00eancia do Brasil\u201d, disse em seu discurso.<\/p>\n<p>O Presidente do Comit\u00ea Executivo do evento, Vice-Almirante Bernardo Gamboa, destacou o importante papel exercido pela Marinha do Brasil na consolida\u00e7\u00e3o da Independ\u00eancia Brasileira. \u201cEm 1822, a cria\u00e7\u00e3o da Esquadra Brasileira foi decisiva para a nossa Independ\u00eancia. A partir do Rio de Janeiro, os nossos navios combateram em diversas provinciais em nome da liberdade. Apoiada pelo povo, a Esquadra teve o seu batismo de fogo. Isso consolidou o Brasil como uma grande na\u00e7\u00e3o unida, livre e soberana\u201d, lembrou o Almirante.<\/p>\n<p>Ele tamb\u00e9m agradeceu a presen\u00e7a dos representantes das marinhas amigas na etapa brasileira do Velas Latinoamerica 2022. \u201c\u00c9 motivo de muita honra, para n\u00f3s brasileiros, comemorarmos 200 anos da nossa independ\u00eancia, recebendo amigos marinheiros de tantas tradi\u00e7\u00f5es. Agrade\u00e7o por dividirem conosco a alegria desse importante marco na hist\u00f3ria do Brasil. Que tenhamos bons ventos e mares tranquilos\u201d.<\/p>\n<p>Estiveram presentes na cerim\u00f4nia membros do Almirantado brasileiro, embaixadores da Col\u00f4mbia, Uruguai, Panam\u00e1, Rep\u00fablica Dominicana e Peru representantes das marinhas da Argentina, Col\u00f4mbia, Equador, Uruguai, Peru e Rep\u00fablica Dominicana e os Adidos Naval e de Defesa do M\u00e9xico e do Chile. <\/p>\n<p>Presente ao evento, o Adido Naval do M\u00e9xico no Brasil, Contra-Almirante Victor Neria, agradeceu o convite para visitar a etapa brasileira e destacou que o Velas ser\u00e1 encerrado em seu pa\u00eds. \u201c\u00c9 com muito orgulho que o Velas Latinoamerica ser\u00e1 finalizado no Porto de Vera Cruz, no M\u00e9xico. Estamos nos preparando para receber todos os veleiros participantes. Lamentavelmente, o nosso veleiro n\u00e3o p\u00f4de vir ao Brasil, por\u00e9m ele participar\u00e1 da regata a partir de Cartagena (Col\u00f4mbia). Vamos continuar com essa bonita tradi\u00e7\u00e3o\u201d.<\/p>\n<p><strong>Velas Latinoamerica 2022<\/strong><br \/>\nPara o Almirante Olsen, o evento lembra os feitos do passado, \u00e9poca das grandes navega\u00e7\u00f5es. \u201cDescobertas mar\u00edtimas e geogr\u00e1ficas, dos s\u00e9culos XV e XVI, mudaram o curso da hist\u00f3ria. A partir daquele momento, a ess\u00eancia humana se ampliou. O mar passou a forjar um novo tipo de homem, o homem do mar. Um ser que se lan\u00e7ou a imensos desafios, impostos pelas \u00e1guas inc\u00f3gnitas que extrapolavam o imagin\u00e1rio daqueles desbravadores.\u201d<\/p>\n<p>O Almirante Bernardo Gamboa lembrou que, desde 2010, em um per\u00edodo de quatro em quatro anos, veleiros de pa\u00edses latinos se re\u00fanem para juntos compartilharem a vida no mar, demonstrando a amizade entre as marinhas. Isso acontece gra\u00e7as ao esp\u00edrito marinheiro que existe dentro de cada militar que se faz ao mar. &#8220;Navios veleiros exercem especial atra\u00e7\u00e3o nos locais por onde navegam e atracam. As motivadas tripula\u00e7\u00f5es dessa navega\u00e7\u00e3o refletem a alma das suas embarca\u00e7\u00f5es. Marinheiro que somos temos enorme capacidade de supera\u00e7\u00e3o, navegando n\u00e3o somente em bom tempo mas tamb\u00e9m em meio \u00e0 tormenta\u201d, afirmou.<\/p>\n<p>Por fim, ele destacou o esp\u00edrito do evento. \u201cSomos um continente feliz que tem a uni\u00e3o entre os povos, o que contribui para o progresso de todos e para a paz duradoura. Vamos transformar esse evento em inesquec\u00edvel per\u00edodo de confraterniza\u00e7\u00e3o e comunh\u00e3o\u201d, destacou o Presidente do Comit\u00ea Executivo do Velas Latinoamerica 2022.<\/p>\n<p>Fonte: Ag\u00eancia Marinha de Not\u00edcias<\/p>\n","protected":false},"excerpt":{"rendered":"<p>Foi declarado, oficialmente, o in\u00edcio do Velas Latinoamerica 2022. Em cerim\u00f4nia realizada, no Rio de Janeiro, o Comandante de Opera\u00e7\u00f5es Navais, Almirante de Esquadra Marcos&#8230;<\/p>\n","protected":false},"author":1527,"featured_media":37941,"comment_status":"closed","ping_status":"closed","sticky":false,"template":"","format":"standard","meta":{"footnotes":""},"categories":[6],"tags":[],"class_list":["post-37940","post","type-post","status-publish","format-standard","has-post-thumbnail","hentry","category-noticias"],"_links":{"self":[{"href":"https:\/\/www.sincomam.org.br\/index.php\/wp-json\/wp\/v2\/posts\/37940","targetHints":{"allow":["GET"]}}],"collection":[{"href":"https:\/\/www.sincomam.org.br\/index.php\/wp-json\/wp\/v2\/posts"}],"about":[{"href":"https:\/\/www.sincomam.org.br\/index.php\/wp-json\/wp\/v2\/types\/post"}],"author":[{"embeddable":true,"href":"https:\/\/www.sincomam.org.br\/index.php\/wp-json\/wp\/v2\/users\/1527"}],"replies":[{"embeddable":true,"href":"https:\/\/www.sincomam.org.br\/index.php\/wp-json\/wp\/v2\/comments?post=37940"}],"version-history":[{"count":1,"href":"https:\/\/www.sincomam.org.br\/index.php\/wp-json\/wp\/v2\/posts\/37940\/revisions"}],"predecessor-version":[{"id":37942,"href":"https:\/\/www.sincomam.org.br\/index.php\/wp-json\/wp\/v2\/posts\/37940\/revisions\/37942"}],"wp:featuredmedia":[{"embeddable":true,"href":"https:\/\/www.sincomam.org.br\/index.php\/wp-json\/wp\/v2\/media\/37941"}],"wp:attachment":[{"href":"https:\/\/www.sincomam.org.br\/index.php\/wp-json\/wp\/v2\/media?parent=37940"}],"wp:term":[{"taxonomy":"category","embeddable":true,"href":"https:\/\/www.sincomam.org.br\/index.php\/wp-json\/wp\/v2\/categories?post=37940"},{"taxonomy":"post_tag","embeddable":true,"href":"https:\/\/www.sincomam.org.br\/index.php\/wp-json\/wp\/v2\/tags?post=37940"}],"curies":[{"name":"wp","href":"https:\/\/api.w.org\/{rel}","templated":true}]}}