{"id":37921,"date":"2022-02-15T08:30:41","date_gmt":"2022-02-15T11:30:41","guid":{"rendered":"http:\/\/www.sincomam.org.br\/?p=37921"},"modified":"2022-02-15T01:13:28","modified_gmt":"2022-02-15T04:13:28","slug":"cerimonial-a-bandeira-da-marinha-promove-a-cultura-no-centro-do-rio","status":"publish","type":"post","link":"https:\/\/www.sincomam.org.br\/index.php\/cerimonial-a-bandeira-da-marinha-promove-a-cultura-no-centro-do-rio\/","title":{"rendered":"Cerimonial \u00e0 Bandeira da Marinha promove a cultura no centro do Rio"},"content":{"rendered":"<p>Foi disparada a contagem regressiva para o bicenten\u00e1rio da Independ\u00eancia do Brasil. Neste domingo (13), a Marinha do Brasil (MB) abriu o dia com um desfile naval na orla carioca e fechou o fim de semana com um Cerimonial \u00e0 Bandeira, em frente ao pr\u00e9dio do Comando do 1\u00ba Distrito Naval, no Centro do Rio de Janeiro. Ambos os eventos aconteceram dentro da etapa brasileira da regata Velas Latinoamerica 2022, que ocorrer\u00e1 de 13 a 20 de fevereiro, na cidade do Rio de Janeiro.<\/p>\n<p>Muitos curiosos, que passavam pelo local, pararam para prestigiar a troca da Bandeira Nacional. O evento ocorreu simultaneamente ao p\u00f4r do sol na Pra\u00e7a Mau\u00e1 e com o Museu do Amanh\u00e3 como pano de fundo.<\/p>\n<p>Cinco minutos antes de a cerim\u00f4nia come\u00e7ar, o te\u00f3logo boliviano Pedro Ant\u00f4nio ficou surpreso com a novidade e vibrou com a oportunidade de acompanhar tudo de perto. &#8220;Tinha assistido no meu pa\u00eds, mas n\u00e3o no Brasil. \u00c9 fant\u00e1stico ver a troca da bandeira de todo pa\u00eds. \u00c9 motivo de orgulho. Creio que todos os brasileiros devem ter esse patriotismo&#8221;, disse.<\/p>\n<p>A estudante Marta Molina tamb\u00e9m estava empolgada com o evento e ficou satisfeita em saber que a apresenta\u00e7\u00e3o seria acess\u00edvel ao p\u00fablico, bem perto dos olhos dela. &#8220;Eu nunca vi um cerimonial como esse. Acho interessante essa oportunidade de conhecer melhor a Marinha. Muito legal essa iniciativa de mostrar ao povo algo ligado ao patriotismo. Achei bem interessante trazer essa cultura para a popula\u00e7\u00e3o&#8221;, afirmou.<\/p>\n<p><strong>Execu\u00e7\u00e3o do cerimonial<\/strong><br \/>\nO Pavilh\u00e3o Nacional foi arriado ao som do Hino nacional brasileiro, executado ao vivo pela Banda do Grupamento de Fuzileiros Navais do Rio de Janeiro, com os comandos do cerimonial emitidos por toques de corneta.<\/p>\n<p>O aut\u00f4nomo Leandro Cabral lembrou que apresenta\u00e7\u00f5es como essa aumentam a autoestima dos cariocas e servem de cart\u00e3o de visita das For\u00e7as Armadas. &#8220;N\u00f3s passamos por muitos problemas no Rio de Janeiro. Ent\u00e3o, \u00e9 sempre bom acompanhar esses eventos culturais. \u00c9 um est\u00edmulo a mais para as pessoas conhecerem a Marinha e o que \u00e9 feito pelas For\u00e7as Armadas do nosso Pa\u00eds. Nunca tinha assistido a um Cerimonial \u00e0 Bandeira.&#8221;<\/p>\n<p>O equatoriano William Steve ficou impressionado com o que viu. Achou que deu sorte de estar no lugar certo e na hora certa. &#8220;Achei bonito, legal e diferente. A gente nunca v\u00ea esse tipo de evento. Foi bom passear e parar para assistir. Gosto de ver o Brasil apresentando suas culturas e tradi\u00e7\u00f5es.&#8221;<\/p>\n<p>Local: Comando do 1 Distrito Naval, ao lado da Pra\u00e7a Mau\u00e1 e do Museu do Amanh\u00e3, entre 18h35 e 18h45.<\/p>\n<p>Fonte: Ag\u00eancia Marinha de Not\u00edcias<\/p>\n","protected":false},"excerpt":{"rendered":"<p>Foi disparada a contagem regressiva para o bicenten\u00e1rio da Independ\u00eancia do Brasil. Neste domingo (13), a Marinha do Brasil (MB) abriu o dia com um&#8230;<\/p>\n","protected":false},"author":1527,"featured_media":37922,"comment_status":"closed","ping_status":"closed","sticky":false,"template":"","format":"standard","meta":{"footnotes":""},"categories":[6],"tags":[],"class_list":["post-37921","post","type-post","status-publish","format-standard","has-post-thumbnail","hentry","category-noticias"],"_links":{"self":[{"href":"https:\/\/www.sincomam.org.br\/index.php\/wp-json\/wp\/v2\/posts\/37921","targetHints":{"allow":["GET"]}}],"collection":[{"href":"https:\/\/www.sincomam.org.br\/index.php\/wp-json\/wp\/v2\/posts"}],"about":[{"href":"https:\/\/www.sincomam.org.br\/index.php\/wp-json\/wp\/v2\/types\/post"}],"author":[{"embeddable":true,"href":"https:\/\/www.sincomam.org.br\/index.php\/wp-json\/wp\/v2\/users\/1527"}],"replies":[{"embeddable":true,"href":"https:\/\/www.sincomam.org.br\/index.php\/wp-json\/wp\/v2\/comments?post=37921"}],"version-history":[{"count":1,"href":"https:\/\/www.sincomam.org.br\/index.php\/wp-json\/wp\/v2\/posts\/37921\/revisions"}],"predecessor-version":[{"id":37923,"href":"https:\/\/www.sincomam.org.br\/index.php\/wp-json\/wp\/v2\/posts\/37921\/revisions\/37923"}],"wp:featuredmedia":[{"embeddable":true,"href":"https:\/\/www.sincomam.org.br\/index.php\/wp-json\/wp\/v2\/media\/37922"}],"wp:attachment":[{"href":"https:\/\/www.sincomam.org.br\/index.php\/wp-json\/wp\/v2\/media?parent=37921"}],"wp:term":[{"taxonomy":"category","embeddable":true,"href":"https:\/\/www.sincomam.org.br\/index.php\/wp-json\/wp\/v2\/categories?post=37921"},{"taxonomy":"post_tag","embeddable":true,"href":"https:\/\/www.sincomam.org.br\/index.php\/wp-json\/wp\/v2\/tags?post=37921"}],"curies":[{"name":"wp","href":"https:\/\/api.w.org\/{rel}","templated":true}]}}