{"id":37918,"date":"2022-02-15T08:30:08","date_gmt":"2022-02-15T11:30:08","guid":{"rendered":"http:\/\/www.sincomam.org.br\/?p=37918"},"modified":"2022-02-15T01:11:19","modified_gmt":"2022-02-15T04:11:19","slug":"canal-do-panama-reduzira-o-calado-maximo-dos-neopanamax-para-1095m","status":"publish","type":"post","link":"https:\/\/www.sincomam.org.br\/index.php\/canal-do-panama-reduzira-o-calado-maximo-dos-neopanamax-para-1095m\/","title":{"rendered":"Canal do Panam\u00e1 reduzir\u00e1 o calado m\u00e1ximo dos Neopanamax para 1,095m"},"content":{"rendered":"<p>O calado m\u00e1ximo permitido nas eclusas Neopanamax no Canal do Panam\u00e1 deve diminuir para 15,09 metros a partir de 1\u00ba de mar\u00e7o<\/p>\n<p>A partir de 1\u00ba de mar\u00e7o, navios com calados que excedam o m\u00e1ximo de 15,09 metros p\u00e9s poder\u00e3o transitar dependendo do n\u00edvel real do Lago Gat\u00fan no momento do tr\u00e2nsito, caso contr\u00e1rio o navio ser\u00e1 obrigado a reduzir a carga para o tr\u00e2nsito.<\/p>\n<p>O calado m\u00e1ximo est\u00e1 atualmente em 15,24 metros. Em 1\u00ba de janeiro, a Autoridade do Canal do Panam\u00e1 (ACP) disse que a restri\u00e7\u00e3o atualizada do projeto foi baseada no n\u00edvel atual e projetado do Lago Gat\u00fan para as pr\u00f3ximas semanas. O ACP disse que anunciaria novos ajustes em decr\u00e9scimos de 15 cent\u00edmetros com pelo menos quatro semanas de anteced\u00eancia.<\/p>\n<p>Os navios-tanque Suezmax totalmente carregados normalmente exigem um calado de 15,24 metros para uma carga completa de um milh\u00e3o de barris e, portanto, n\u00e3o seriam capazes de transitar pelo canal com a nova restri\u00e7\u00e3o.<\/p>\n<p>Os graneleiros secos Handysize, Supramax, Ultramax e Panamax, com calados m\u00e1ximos de 10 metros, 11 metros e 12 metros, respectivamente, poder\u00e3o passar pelos restritos 15,09 metros de calado m\u00e1ximo.<\/p>\n<p>Para navios porta-cont\u00eaineres que navegam na rota do norte da \u00c1sia para a costa leste dos EUA, todos os navios podem transitar pelo Canal do Panam\u00e1. No entanto, os navios maiores da classe Neopanamax, que normalmente ostentam um calado de 15,21 metros se carregados com at\u00e9 14.500 TEUs, exceder\u00e3o ligeiramente o calado m\u00e1ximo.<\/p>\n<p>Fonte: Portos e Navios<\/p>\n","protected":false},"excerpt":{"rendered":"<p>O calado m\u00e1ximo permitido nas eclusas Neopanamax no Canal do Panam\u00e1 deve diminuir para 15,09 metros a partir de 1\u00ba de mar\u00e7o A partir de&#8230;<\/p>\n","protected":false},"author":1527,"featured_media":37919,"comment_status":"closed","ping_status":"closed","sticky":false,"template":"","format":"standard","meta":{"footnotes":""},"categories":[6],"tags":[],"class_list":["post-37918","post","type-post","status-publish","format-standard","has-post-thumbnail","hentry","category-noticias"],"_links":{"self":[{"href":"https:\/\/www.sincomam.org.br\/index.php\/wp-json\/wp\/v2\/posts\/37918","targetHints":{"allow":["GET"]}}],"collection":[{"href":"https:\/\/www.sincomam.org.br\/index.php\/wp-json\/wp\/v2\/posts"}],"about":[{"href":"https:\/\/www.sincomam.org.br\/index.php\/wp-json\/wp\/v2\/types\/post"}],"author":[{"embeddable":true,"href":"https:\/\/www.sincomam.org.br\/index.php\/wp-json\/wp\/v2\/users\/1527"}],"replies":[{"embeddable":true,"href":"https:\/\/www.sincomam.org.br\/index.php\/wp-json\/wp\/v2\/comments?post=37918"}],"version-history":[{"count":1,"href":"https:\/\/www.sincomam.org.br\/index.php\/wp-json\/wp\/v2\/posts\/37918\/revisions"}],"predecessor-version":[{"id":37920,"href":"https:\/\/www.sincomam.org.br\/index.php\/wp-json\/wp\/v2\/posts\/37918\/revisions\/37920"}],"wp:featuredmedia":[{"embeddable":true,"href":"https:\/\/www.sincomam.org.br\/index.php\/wp-json\/wp\/v2\/media\/37919"}],"wp:attachment":[{"href":"https:\/\/www.sincomam.org.br\/index.php\/wp-json\/wp\/v2\/media?parent=37918"}],"wp:term":[{"taxonomy":"category","embeddable":true,"href":"https:\/\/www.sincomam.org.br\/index.php\/wp-json\/wp\/v2\/categories?post=37918"},{"taxonomy":"post_tag","embeddable":true,"href":"https:\/\/www.sincomam.org.br\/index.php\/wp-json\/wp\/v2\/tags?post=37918"}],"curies":[{"name":"wp","href":"https:\/\/api.w.org\/{rel}","templated":true}]}}