{"id":37915,"date":"2022-02-15T08:30:29","date_gmt":"2022-02-15T11:30:29","guid":{"rendered":"http:\/\/www.sincomam.org.br\/?p=37915"},"modified":"2022-02-15T01:08:00","modified_gmt":"2022-02-15T04:08:00","slug":"governo-defende-volta-de-tributacao-especial-do-setor-portuario","status":"publish","type":"post","link":"https:\/\/www.sincomam.org.br\/index.php\/governo-defende-volta-de-tributacao-especial-do-setor-portuario\/","title":{"rendered":"Governo defende volta de tributa\u00e7\u00e3o especial do setor portu\u00e1rio"},"content":{"rendered":"<p>O presidente Jair Bolsonaro passou a defender a derrubada do veto que ele mesmo deu ao Reporto, regime especial de tributa\u00e7\u00e3o do setor portu\u00e1rio. O veto foi feito ao BR do Mar, projeto de lei que visa aumentar a navega\u00e7\u00e3o de cargas nacionais ao longo da costa entre os portos locais.<\/p>\n<p>Em reuni\u00e3o nesta 2\u00aa feira (7.fev.2022) com entidades do setor e com o ministro da Infraestrutura, Tarc\u00edsio de Freitas, Bolsonaro alegou que vetou a prorroga\u00e7\u00e3o do regime especial de tributa\u00e7\u00e3o para obedecer \u00e0 lei de responsabilidade fiscal, mas passou a defender a derrubada do veto ap\u00f3s ouvir de seu ministro os n\u00fameros de investimentos que o Reporto possibilita.<\/p>\n<p>Tamb\u00e9m participaram da reuni\u00e3o a ANTF (Associa\u00e7\u00e3o Nacional de Transportadores Ferrovi\u00e1rios), Fenop (Federa\u00e7\u00e3o Nacional das Opera\u00e7\u00f5es Portu\u00e1rias) e ATP (Associa\u00e7\u00e3o de Terminais Privados).<\/p>\n<p>O reporto suspende 4 impostos referentes \u00e0 importa\u00e7\u00e3o aos terminais portu\u00e1rios: Imposto de Importa\u00e7\u00e3o, IPI, PIS e Confins. A expectativa da ABTP (Associa\u00e7\u00e3o Brasileira de Terminais Portu\u00e1rios) \u00e9 que, com a incid\u00eancia desses impostos, os materiais de movimenta\u00e7\u00e3o de cargas aumente em 40% o pre\u00e7o de importa\u00e7\u00e3o.<\/p>\n<p>Segundo o presidente da associa\u00e7\u00e3o, Jesualdo Silva, o fim do regime tribut\u00e1rio especial provocaria um apag\u00e3o de R$ 2 bilh\u00f5es em investimentos nos portos.<\/p>\n<p>Ele diz ainda que o maior receio do setor era ter a m\u00e1quina do governo trabalhando contra a derrubada do veto. Silva afirma que mesmo antes da reuni\u00e3o com o presidente Bolsonaro, a percep\u00e7\u00e3o era de que o Congresso derrubaria o veto.<\/p>\n<p>A expectativa \u00e9 que o veto ao Reporto entre na pauta de an\u00e1lise de vetos do Congresso Nacional no dia 15 de mar\u00e7o.<\/p>\n<p>Fonte: site Poder360<\/p>\n","protected":false},"excerpt":{"rendered":"<p>O presidente Jair Bolsonaro passou a defender a derrubada do veto que ele mesmo deu ao Reporto, regime especial de tributa\u00e7\u00e3o do setor portu\u00e1rio. O&#8230;<\/p>\n","protected":false},"author":1527,"featured_media":34691,"comment_status":"closed","ping_status":"closed","sticky":false,"template":"","format":"standard","meta":{"footnotes":""},"categories":[6],"tags":[],"class_list":["post-37915","post","type-post","status-publish","format-standard","has-post-thumbnail","hentry","category-noticias"],"_links":{"self":[{"href":"https:\/\/www.sincomam.org.br\/index.php\/wp-json\/wp\/v2\/posts\/37915","targetHints":{"allow":["GET"]}}],"collection":[{"href":"https:\/\/www.sincomam.org.br\/index.php\/wp-json\/wp\/v2\/posts"}],"about":[{"href":"https:\/\/www.sincomam.org.br\/index.php\/wp-json\/wp\/v2\/types\/post"}],"author":[{"embeddable":true,"href":"https:\/\/www.sincomam.org.br\/index.php\/wp-json\/wp\/v2\/users\/1527"}],"replies":[{"embeddable":true,"href":"https:\/\/www.sincomam.org.br\/index.php\/wp-json\/wp\/v2\/comments?post=37915"}],"version-history":[{"count":2,"href":"https:\/\/www.sincomam.org.br\/index.php\/wp-json\/wp\/v2\/posts\/37915\/revisions"}],"predecessor-version":[{"id":37917,"href":"https:\/\/www.sincomam.org.br\/index.php\/wp-json\/wp\/v2\/posts\/37915\/revisions\/37917"}],"wp:featuredmedia":[{"embeddable":true,"href":"https:\/\/www.sincomam.org.br\/index.php\/wp-json\/wp\/v2\/media\/34691"}],"wp:attachment":[{"href":"https:\/\/www.sincomam.org.br\/index.php\/wp-json\/wp\/v2\/media?parent=37915"}],"wp:term":[{"taxonomy":"category","embeddable":true,"href":"https:\/\/www.sincomam.org.br\/index.php\/wp-json\/wp\/v2\/categories?post=37915"},{"taxonomy":"post_tag","embeddable":true,"href":"https:\/\/www.sincomam.org.br\/index.php\/wp-json\/wp\/v2\/tags?post=37915"}],"curies":[{"name":"wp","href":"https:\/\/api.w.org\/{rel}","templated":true}]}}