{"id":37910,"date":"2022-02-15T08:30:14","date_gmt":"2022-02-15T11:30:14","guid":{"rendered":"http:\/\/www.sincomam.org.br\/?p=37910"},"modified":"2022-02-15T01:01:05","modified_gmt":"2022-02-15T04:01:05","slug":"veleiros-podem-ser-contemplados-no-cais-do-pier-maua","status":"publish","type":"post","link":"https:\/\/www.sincomam.org.br\/index.php\/veleiros-podem-ser-contemplados-no-cais-do-pier-maua\/","title":{"rendered":"Veleiros podem ser contemplados no cais do Pier Mau\u00e1"},"content":{"rendered":"<p>Os navios veleiros participantes da etapa brasileira do evento Velas Latinoamerica 2022, que vai at\u00e9 o dia 20 de fevereiro, poder\u00e3o ser contemplados pelo p\u00fablico. As visitas ocorrer\u00e3o at\u00e9 o dia 19 no cais do Pier Mau\u00e1, na regi\u00e3o central do Rio de Janeiro.<\/p>\n<p>Para evitar aglomera\u00e7\u00f5es, a visita\u00e7\u00e3o ao cais de atraca\u00e7\u00e3o dos navios somente poder\u00e1 ser feita com agendamento pr\u00e9vio por meio do link. Foram definidos cinco hor\u00e1rios de visita por dia, das 13h \u00e0s 17h50, com dura\u00e7\u00e3o de 50 minutos. N\u00e3o haver\u00e1 visita\u00e7\u00e3o no interior dos navios.<\/p>\n<p>O evento, que ocorre de quatro em quatro anos, re\u00fane navios de sete pa\u00edses das Am\u00e9ricas (Brasil, Argentina, Col\u00f4mbia, Equador, Peru, Uruguai e M\u00e9xico). O Brasil \u00e9 o pa\u00eds anfitri\u00e3o da quarta edi\u00e7\u00e3o do Velas Latinoamerica e tem como representante o navio-veleiro Cisne Branco.<\/p>\n<p>Segundo a Marinha do Brasil, o evento faz parte das comemora\u00e7\u00f5es do bicenten\u00e1rio da Independ\u00eancia do Brasil, que ser\u00e1 no dia 7 de setembro deste ano.<\/p>\n<p>A etapa brasileira se iniciou ontem (13) com o Desfile Naval dos navios participantes, que percorreram a orla carioca e desfilaram pelas praias da Barra da Tijuca, S\u00e3o Conrado, Leblon, Ipanema e Copacabana.<\/p>\n<p>Al\u00e9m do brasileiro Cisne Branco, quem passou pela orla do Rio p\u00f4de ver os navios Libertad e Bernardo Houssay, da Argentina, Guayas, do Equador, Uni\u00f3n, do Peru, Capit\u00e1n Miranda, do Uruguai, e 20 de Julio, da Col\u00f4mbia. O navio mexicano Cuauht\u00e9moc n\u00e3o participar\u00e1 da etapa brasileira do evento.<\/p>\n<p>Em prol do meio ambiente, os tripulantes dos navios participar\u00e3o de uma Jornada Ecol\u00f3gica no dia 16 de fevereiro, para contribuir com a limpeza das \u00e1guas (Regata Ecol\u00f3gica) e das praias (Clean Up Day) da Ba\u00eda da Guanabara.<\/p>\n<p>As atividades se encerrar\u00e3o no dia 20, com o Desfile Naval de despedida, quando os navios seguir\u00e3o para o pr\u00f3ximo destino, em Montevid\u00e9u, no Uruguai. Durante o evento n\u00e1utico, ao longo de quatro meses, os navios veleiros visitar\u00e3o importantes cidades e portos do Brasil, Uruguai, Argentina, Chile, Peru, Equador, Panam\u00e1, Col\u00f4mbia, Rep\u00fablica Dominicana, Cura\u00e7ao e M\u00e9xico.<\/p>\n<p>Fonte: Defesa em Foco<\/p>\n","protected":false},"excerpt":{"rendered":"<p>Os navios veleiros participantes da etapa brasileira do evento Velas Latinoamerica 2022, que vai at\u00e9 o dia 20 de fevereiro, poder\u00e3o ser contemplados pelo p\u00fablico&#8230;.<\/p>\n","protected":false},"author":1527,"featured_media":37911,"comment_status":"closed","ping_status":"closed","sticky":false,"template":"","format":"standard","meta":{"footnotes":""},"categories":[6],"tags":[],"class_list":["post-37910","post","type-post","status-publish","format-standard","has-post-thumbnail","hentry","category-noticias"],"_links":{"self":[{"href":"https:\/\/www.sincomam.org.br\/index.php\/wp-json\/wp\/v2\/posts\/37910","targetHints":{"allow":["GET"]}}],"collection":[{"href":"https:\/\/www.sincomam.org.br\/index.php\/wp-json\/wp\/v2\/posts"}],"about":[{"href":"https:\/\/www.sincomam.org.br\/index.php\/wp-json\/wp\/v2\/types\/post"}],"author":[{"embeddable":true,"href":"https:\/\/www.sincomam.org.br\/index.php\/wp-json\/wp\/v2\/users\/1527"}],"replies":[{"embeddable":true,"href":"https:\/\/www.sincomam.org.br\/index.php\/wp-json\/wp\/v2\/comments?post=37910"}],"version-history":[{"count":1,"href":"https:\/\/www.sincomam.org.br\/index.php\/wp-json\/wp\/v2\/posts\/37910\/revisions"}],"predecessor-version":[{"id":37912,"href":"https:\/\/www.sincomam.org.br\/index.php\/wp-json\/wp\/v2\/posts\/37910\/revisions\/37912"}],"wp:featuredmedia":[{"embeddable":true,"href":"https:\/\/www.sincomam.org.br\/index.php\/wp-json\/wp\/v2\/media\/37911"}],"wp:attachment":[{"href":"https:\/\/www.sincomam.org.br\/index.php\/wp-json\/wp\/v2\/media?parent=37910"}],"wp:term":[{"taxonomy":"category","embeddable":true,"href":"https:\/\/www.sincomam.org.br\/index.php\/wp-json\/wp\/v2\/categories?post=37910"},{"taxonomy":"post_tag","embeddable":true,"href":"https:\/\/www.sincomam.org.br\/index.php\/wp-json\/wp\/v2\/tags?post=37910"}],"curies":[{"name":"wp","href":"https:\/\/api.w.org\/{rel}","templated":true}]}}