{"id":37907,"date":"2022-02-14T10:16:56","date_gmt":"2022-02-14T13:16:56","guid":{"rendered":"http:\/\/www.sincomam.org.br\/?p=37907"},"modified":"2022-02-14T10:16:56","modified_gmt":"2022-02-14T13:16:56","slug":"comandante-da-marinha-visita-o-9o-distrito-naval-e-homenageia-militares","status":"publish","type":"post","link":"https:\/\/www.sincomam.org.br\/index.php\/comandante-da-marinha-visita-o-9o-distrito-naval-e-homenageia-militares\/","title":{"rendered":"Comandante da Marinha visita o 9\u00ba Distrito Naval e homenageia militares"},"content":{"rendered":"<p>O Comandante da Marinha, Almirante de Esquadra Almir Garnier Santos, cumpriu agenda institucional, em Manaus (AM), visitando a sede do Comando do 9\u00ba Distrito Naval (Com9\u00baDN) e organiza\u00e7\u00f5es militares subordinadas. A bordo do Navio de Assist\u00eancia Hospitalar \u201cOswaldo Cruz\u201d, ocorreu uma cerim\u00f4nia em homenagem ao Suboficial Lenivaldo de Souza Filho, falecido durante uma a\u00e7\u00e3o de patrulha naval, na foz do Rio Uatum\u00e3, no Amazonas.<\/p>\n<p>Durante a cerim\u00f4nia, com a presen\u00e7a dos seus familiares, o Suboficial Souza Filho foi promovido, post-mortem, ao posto de Segundo-Tenente. Na ocasi\u00e3o, o Empurrador Portu\u00e1rio &#8220;Ja\u00fa&#8221;, embarca\u00e7\u00e3o pertencente \u00e0 Esta\u00e7\u00e3o Naval do Rio Negro, foi rebatizado, passando a ser chamado de Segundo-Tenente Souza Filho.<\/p>\n<p>O Comandante da Marinha tamb\u00e9m condecorou com a Medalha M\u00e9rito Tamandar\u00e9 o Segundo-Sargento (FN) F\u00e1bio Santos dos Santos, que sobreviveu ap\u00f3s ser alvejado na mesma miss\u00e3o. A condecora\u00e7\u00e3o \u00e9 um reconhecimento da Marinha pela conduta de bravura do militar.<\/p>\n<p>Em pronunciamento aos presentes, o Almirante Garnier destacou que \u201ctais iniciativas n\u00e3o trar\u00e3o de volta o Tenente Souza Filho ao conv\u00edvio dos que o amavam. S\u00e3o apenas uma singela maneira da nossa Marinha levar um pouco de conforto aos seus entes queridos, mostrando que ele jamais ser\u00e1 esquecido por n\u00f3s. A Marinha tamb\u00e9m seguir\u00e1 lutando, para que a sua morte n\u00e3o fique impune\u201d.<\/p>\n<p>No evento, o Comandante da Marinha esteve acompanhado pelo Comandante de Opera\u00e7\u00f5es Navais, Almirante de Esquadra Marcos Sampaio Olsen, e do Chefe do Gabinete do Comandante da Marinha, Vice-Almirante Ant\u00f4nio Capistrano de Freitas Filho.<\/p>\n<p>Fonte: Centro de Comunica\u00e7\u00e3o Social da Marinha<\/p>\n","protected":false},"excerpt":{"rendered":"<p>O Comandante da Marinha, Almirante de Esquadra Almir Garnier Santos, cumpriu agenda institucional, em Manaus (AM), visitando a sede do Comando do 9\u00ba Distrito Naval&#8230;<\/p>\n","protected":false},"author":1527,"featured_media":37908,"comment_status":"closed","ping_status":"closed","sticky":false,"template":"","format":"standard","meta":{"footnotes":""},"categories":[6],"tags":[],"class_list":["post-37907","post","type-post","status-publish","format-standard","has-post-thumbnail","hentry","category-noticias"],"_links":{"self":[{"href":"https:\/\/www.sincomam.org.br\/index.php\/wp-json\/wp\/v2\/posts\/37907","targetHints":{"allow":["GET"]}}],"collection":[{"href":"https:\/\/www.sincomam.org.br\/index.php\/wp-json\/wp\/v2\/posts"}],"about":[{"href":"https:\/\/www.sincomam.org.br\/index.php\/wp-json\/wp\/v2\/types\/post"}],"author":[{"embeddable":true,"href":"https:\/\/www.sincomam.org.br\/index.php\/wp-json\/wp\/v2\/users\/1527"}],"replies":[{"embeddable":true,"href":"https:\/\/www.sincomam.org.br\/index.php\/wp-json\/wp\/v2\/comments?post=37907"}],"version-history":[{"count":1,"href":"https:\/\/www.sincomam.org.br\/index.php\/wp-json\/wp\/v2\/posts\/37907\/revisions"}],"predecessor-version":[{"id":37909,"href":"https:\/\/www.sincomam.org.br\/index.php\/wp-json\/wp\/v2\/posts\/37907\/revisions\/37909"}],"wp:featuredmedia":[{"embeddable":true,"href":"https:\/\/www.sincomam.org.br\/index.php\/wp-json\/wp\/v2\/media\/37908"}],"wp:attachment":[{"href":"https:\/\/www.sincomam.org.br\/index.php\/wp-json\/wp\/v2\/media?parent=37907"}],"wp:term":[{"taxonomy":"category","embeddable":true,"href":"https:\/\/www.sincomam.org.br\/index.php\/wp-json\/wp\/v2\/categories?post=37907"},{"taxonomy":"post_tag","embeddable":true,"href":"https:\/\/www.sincomam.org.br\/index.php\/wp-json\/wp\/v2\/tags?post=37907"}],"curies":[{"name":"wp","href":"https:\/\/api.w.org\/{rel}","templated":true}]}}