{"id":37903,"date":"2022-02-14T10:12:04","date_gmt":"2022-02-14T13:12:04","guid":{"rendered":"http:\/\/www.sincomam.org.br\/?p=37903"},"modified":"2022-02-14T10:13:22","modified_gmt":"2022-02-14T13:13:22","slug":"segunda-expansao-do-porto-do-pecem-vai-impulsionar-o-desenvolvimento-economico-do-ceara","status":"publish","type":"post","link":"https:\/\/www.sincomam.org.br\/index.php\/segunda-expansao-do-porto-do-pecem-vai-impulsionar-o-desenvolvimento-economico-do-ceara\/","title":{"rendered":"SEGUNDA EXPANS\u00c3O DO PORTO DO PEC\u00c9M VAI IMPULSIONAR O DESENVOLVIMENTO ECON\u00d4MICO DO CEAR\u00c1"},"content":{"rendered":"<p>Um dia hist\u00f3rico para a economia do Cear\u00e1. Para aumentar a capacidade operacional do Porto do Pec\u00e9m, o governador Camilo Santana, acompanhado da vice-governadora Izolda Cela e de outras autoridades, inaugurou a segunda expans\u00e3o do terminal portu\u00e1rio cearense, que fica localizado em S\u00e3o Gon\u00e7alo do Amarante.<\/p>\n<p>O Porto do Pec\u00e9m agora conta novos equipamentos: port\u00e3o de acesso (Gate 2); outra ponte para os p\u00ederes (Ponte 2); e um ber\u00e7o de atraca\u00e7\u00e3o (Ber\u00e7o 10). Para isso, o Governo do Cear\u00e1 investiu cerca de R$ 772,8 milh\u00f5es nas obras.<\/p>\n<p>\u201cEstou muito feliz de entregar oficialmente todos esses investimentos realizados no Complexo do Pec\u00e9m. N\u00e3o tendo d\u00favida do potencial e do crescimento que teremos nos pr\u00f3ximos anos com todo esse complexo, com a nova ZPE [Zona de Processamento de Exporta\u00e7\u00e3o], a nova rodovia duplicada (CE-155) e parcerias com v\u00e1rios grandes players, principalmente com a estrat\u00e9gia para a instala\u00e7\u00e3o do Hub de Hidrog\u00eanio Verde aqui\u201d, afirmou o governador Camilo Santana.<\/p>\n<p>O porto integra o Complexo do Pec\u00e9m (CIPP S\/A), um empreendimento conjunto formado pelo Governo do Cear\u00e1 e pelo Porto de Roterd\u00e3, o maior da Europa. O Complexo \u00e9 composto ainda por uma \u00e1rea industrial e pela Zona de Processamento de Exporta\u00e7\u00e3o (ZPE) do Cear\u00e1.<\/p>\n<p>Para a vice-governadora Izolda Cela, mais desenvolvimento contribui para a redu\u00e7\u00e3o das desigualdades sociais. \u201cO Complexo do Pec\u00e9m tem uma import\u00e2ncia muito grande nesses desafios que o Cear\u00e1 enfrenta para garantir mais desenvolvimento. Vamos continuar com esses avan\u00e7os necess\u00e1rios como esse que comemoramos hoje. O Cear\u00e1 se empenha para pensar um modelo de desenvolvimento que olhe para quem mais precisa\u201d, ressaltou Izolda Cela<\/p>\n<p>Tamb\u00e9m prestigiaram a inaugura\u00e7\u00e3o o secret\u00e1rio do Desenvolvimento Econ\u00f4mico e Trabalho, Maia J\u00fanior; o secret\u00e1rio Chefe da Casa Civil, Chagas Vieira; o presidente do Complexo do Pec\u00e9m, Danilo Serpa; o presidente da ZPE Cear\u00e1, Eduardo Neves; os ex-governadores do Cear\u00e1, Tasso Jereissati, Ciro Gomes e (atual senador) Cid Gomes; o senador Chiquinho Feitosa; o presidente da Assembleia Legislativa, Evandro Leit\u00e3o; e os prefeitos professor Marcelo, de S\u00e3o Gon\u00e7alo do Amarante, e Vitor Valim, de Caucaia; entre outras autoridades e empres\u00e1rios.<\/p>\n<p>Fonte: Informativo dos Portos<\/p>\n","protected":false},"excerpt":{"rendered":"<p>Um dia hist\u00f3rico para a economia do Cear\u00e1. Para aumentar a capacidade operacional do Porto do Pec\u00e9m, o governador Camilo Santana, acompanhado da vice-governadora Izolda&#8230;<\/p>\n","protected":false},"author":1527,"featured_media":37904,"comment_status":"closed","ping_status":"closed","sticky":false,"template":"","format":"standard","meta":{"footnotes":""},"categories":[6],"tags":[],"class_list":["post-37903","post","type-post","status-publish","format-standard","has-post-thumbnail","hentry","category-noticias"],"_links":{"self":[{"href":"https:\/\/www.sincomam.org.br\/index.php\/wp-json\/wp\/v2\/posts\/37903","targetHints":{"allow":["GET"]}}],"collection":[{"href":"https:\/\/www.sincomam.org.br\/index.php\/wp-json\/wp\/v2\/posts"}],"about":[{"href":"https:\/\/www.sincomam.org.br\/index.php\/wp-json\/wp\/v2\/types\/post"}],"author":[{"embeddable":true,"href":"https:\/\/www.sincomam.org.br\/index.php\/wp-json\/wp\/v2\/users\/1527"}],"replies":[{"embeddable":true,"href":"https:\/\/www.sincomam.org.br\/index.php\/wp-json\/wp\/v2\/comments?post=37903"}],"version-history":[{"count":2,"href":"https:\/\/www.sincomam.org.br\/index.php\/wp-json\/wp\/v2\/posts\/37903\/revisions"}],"predecessor-version":[{"id":37906,"href":"https:\/\/www.sincomam.org.br\/index.php\/wp-json\/wp\/v2\/posts\/37903\/revisions\/37906"}],"wp:featuredmedia":[{"embeddable":true,"href":"https:\/\/www.sincomam.org.br\/index.php\/wp-json\/wp\/v2\/media\/37904"}],"wp:attachment":[{"href":"https:\/\/www.sincomam.org.br\/index.php\/wp-json\/wp\/v2\/media?parent=37903"}],"wp:term":[{"taxonomy":"category","embeddable":true,"href":"https:\/\/www.sincomam.org.br\/index.php\/wp-json\/wp\/v2\/categories?post=37903"},{"taxonomy":"post_tag","embeddable":true,"href":"https:\/\/www.sincomam.org.br\/index.php\/wp-json\/wp\/v2\/tags?post=37903"}],"curies":[{"name":"wp","href":"https:\/\/api.w.org\/{rel}","templated":true}]}}