{"id":37900,"date":"2022-02-14T10:01:41","date_gmt":"2022-02-14T13:01:41","guid":{"rendered":"http:\/\/www.sincomam.org.br\/?p=37900"},"modified":"2022-02-14T10:01:41","modified_gmt":"2022-02-14T13:01:41","slug":"desfile-de-grandes-veleiros-marca-inicio-das-celebracoes-do-bicentenario-da-independencia-do-brasil","status":"publish","type":"post","link":"https:\/\/www.sincomam.org.br\/index.php\/desfile-de-grandes-veleiros-marca-inicio-das-celebracoes-do-bicentenario-da-independencia-do-brasil\/","title":{"rendered":"Desfile de grandes veleiros marca in\u00edcio das celebra\u00e7\u00f5es do bicenten\u00e1rio da Independ\u00eancia do Brasil"},"content":{"rendered":"<p>Neste domingo (13), a Marinha do Brasil (MB) presenteou os cariocas com um desfile naval que marcou a abertura do evento Velas Latinoamerica 2022. Os cidad\u00e3os que sa\u00edram de casa para ir \u00e0 praia foram surpreendidos com o que viram. Entre 8h e 12h deste domingo, seis grandes veleiros da Argentina, Brasil, Equador, Peru e Uruguai e um Navio-Patrulha da Col\u00f4mbia percorreram as praias da Barra da Tijuca, S\u00e3o Conrado, Leblon, Ipanema e Copacabana.<\/p>\n<p>A m\u00e9dica Rita Vilela, que apreciou o desfile da praia de Copacabana, agradeceu aos organizadores da regata internacional pelo presente antecipado. &#8220;Eu vim caminhar e me deparei com essa surpresa linda. Vi cada veleiro maravilhoso. O Brasil est\u00e1 de parab\u00e9ns em organizar esse evento.&#8221; <\/p>\n<p>O aposentado Alvanir Bezerra de Carvalho se sentiu prestigiado por poder conhecer melhor os veleiros do Brasil e dos pa\u00edses da Am\u00e9rica Latina. &#8220;Ver navio \u00e0 vela \u00e9 a coisa mais bonita que tem. Al\u00e9m de que h\u00e1 tamb\u00e9m no desfile um navio da Marinha e eu quero prestigiar a nossa Armada.&#8221;<\/p>\n<p>A emo\u00e7\u00e3o tamb\u00e9m foi grande para quem estava a bordo dos veleiros. O Comandante do Navio-Veleiro \u201cCisne Branco\u201d, Capit\u00e3o de Mar e Guerra Marcos Andr\u00e9, descreveu o que sentiu no momento em que cruzou a orla carioca. &#8220;Foi uma imensa alegria participar do desfile naval com a popula\u00e7\u00e3o nos assistindo das praias. \u00c9 uma satisfa\u00e7\u00e3o ver as pessoas da perspectiva do navio. Pudemos fazer uma navega\u00e7\u00e3o bem perto do litoral. \u00c9 o primeiro evento da grande comemora\u00e7\u00e3o que \u00e9 os 200 anos da Independ\u00eancia do Brasil&#8221;.<\/p>\n<p><strong>Marinhas Amigas da Am\u00e9rica Latina<\/strong><br \/>\nO Comandante da Marinha do Uruguai, Almirante Jorge Wilson, acompanhou o desfile da Escola Naval (EN), primeira institui\u00e7\u00e3o de ensino superior do Brasil, onde s\u00e3o formados os oficiais da Armada, do Corpo de Fuzileiros Navais e do Corpo de Intendentes da MB. Ele aproveitou o momento para lembrar dos la\u00e7os de amizade que possui com a Marinha do Brasil. &#8220;O Uruguai est\u00e1 participando com o veleiro &#8220;Capit\u00e1n Miranda&#8221;. Fomos muito bem recebidos, como sempre acontece. Estamos muito agradecidos por esse convite da Marinha do Brasil e do povo brasileiro.&#8221;<\/p>\n<p>O Comandante da Marinha da Argentina, Almirante de Esquadra Julio Guardia, que tamb\u00e9m assistiu ao desfile da EN, destacou que est\u00e1 feliz por poder participar do primeiro grande evento dos 200 anos da independ\u00eancia brasileira.&#8221;O evento est\u00e1 sendo um grande sucesso. Para n\u00f3s \u00e9 uma grande honra estarmos aqui com dois navios: a &#8220;Fragata Libertad\u201d e veleiro \u201cBernardo Houssay\u201d, da Prefeitura Naval da Argentina. Os navios da Am\u00e9rica Latina est\u00e3o acompanhando as comemora\u00e7\u00f5es do Bicenten\u00e1rio do Brasil.&#8221; <\/p>\n<p><strong>200 anos da Independ\u00eancia do Brasil<\/strong><br \/>\nO Presidente da Rep\u00fablica, Jair Bolsonaro, n\u00e3o p\u00f4de participar do evento no Rio de Janeiro, mas fez quest\u00e3o de gravar uma mensagem que foi exibida na Escola Naval. <\/p>\n<p>&#8220;Neste ano, comemoramos 200 anos da nossa Independ\u00eancia. Reconhecendo a import\u00e2ncia da nossa Marinha nesse processo, organizamos o Velas Latinoamerica 2022, como parte das comemora\u00e7\u00f5es pelo Bicenten\u00e1rio. \u00c9 uma grande satisfa\u00e7\u00e3o ser o pa\u00eds anfitri\u00e3o desse encontro internacional de grandes veleiros da Am\u00e9rica Latina, que tem o objetivo de fortalecer os la\u00e7os de amizade entre nossas na\u00e7\u00f5es. Aproveitem esse grande evento e conhe\u00e7am um pouco mais sobre a nossa P\u00e1tria amada Brasil.&#8221;<\/p>\n<p>O Comandante da Marinha do Brasil, Almirante de Esquadra Almir Garnier Santos, resgatou fatos hist\u00f3ricos para lembrar o quanto a Marinha do Brasil foi importante para a nossa Independ\u00eancia. &#8220;Ap\u00f3s o Grito do Ipiranga, a Marinha do Brasil, por meio da ent\u00e3o rec\u00e9m-criada Armada Imperial, teve participa\u00e7\u00e3o decisiva nos epis\u00f3dios que culminaram com a Independ\u00eancia do Brasil, combatendo no mar os principais focos de resist\u00eancia \u00e0 nossa soberania e liberdade.&#8221;<\/p>\n<p><strong>O evento<\/strong><br \/>\nA etapa brasileira se iniciou hoje com o Desfile Naval dos navios participantes, que percorreram a orla carioca e desfilaram pelas praias da Barra da Tijuca, S\u00e3o Conrado, Leblon, Ipanema, Copacabana. <\/p>\n<p>Em prol do meio ambiente, os tripulantes dos navios participar\u00e3o de uma \u201cJornada Ecol\u00f3gica\u201d no dia 16 de fevereiro, de modo a contribuir com a limpeza das \u00e1guas (Regata Ecol\u00f3gica) e das praias (\u201cClean Up Day\u201d) de Ba\u00eda da Guanabara. <\/p>\n<p>As atividades se encerrar\u00e3o no dia 20, com o Desfile Naval de despedida, quando os navios seguir\u00e3o para o pr\u00f3ximo destino, em Montevid\u00e9u, no Uruguai. Durante o evento n\u00e1utico, ao longo de quatro meses, os navios veleiros visitar\u00e3o importantes cidades e portos do Brasil, Uruguai, Argentina, Chile, Peru, Equador, Panam\u00e1, Col\u00f4mbia, Rep\u00fablica Dominicana, Cura\u00e7ao e M\u00e9xico.<\/p>\n<p>Fonte: Ag\u00eancia Marinha de Not\u00edcias<\/p>\n","protected":false},"excerpt":{"rendered":"<p>Neste domingo (13), a Marinha do Brasil (MB) presenteou os cariocas com um desfile naval que marcou a abertura do evento Velas Latinoamerica 2022. Os&#8230;<\/p>\n","protected":false},"author":1527,"featured_media":37901,"comment_status":"closed","ping_status":"closed","sticky":false,"template":"","format":"standard","meta":{"footnotes":""},"categories":[6],"tags":[],"class_list":["post-37900","post","type-post","status-publish","format-standard","has-post-thumbnail","hentry","category-noticias"],"_links":{"self":[{"href":"https:\/\/www.sincomam.org.br\/index.php\/wp-json\/wp\/v2\/posts\/37900","targetHints":{"allow":["GET"]}}],"collection":[{"href":"https:\/\/www.sincomam.org.br\/index.php\/wp-json\/wp\/v2\/posts"}],"about":[{"href":"https:\/\/www.sincomam.org.br\/index.php\/wp-json\/wp\/v2\/types\/post"}],"author":[{"embeddable":true,"href":"https:\/\/www.sincomam.org.br\/index.php\/wp-json\/wp\/v2\/users\/1527"}],"replies":[{"embeddable":true,"href":"https:\/\/www.sincomam.org.br\/index.php\/wp-json\/wp\/v2\/comments?post=37900"}],"version-history":[{"count":1,"href":"https:\/\/www.sincomam.org.br\/index.php\/wp-json\/wp\/v2\/posts\/37900\/revisions"}],"predecessor-version":[{"id":37902,"href":"https:\/\/www.sincomam.org.br\/index.php\/wp-json\/wp\/v2\/posts\/37900\/revisions\/37902"}],"wp:featuredmedia":[{"embeddable":true,"href":"https:\/\/www.sincomam.org.br\/index.php\/wp-json\/wp\/v2\/media\/37901"}],"wp:attachment":[{"href":"https:\/\/www.sincomam.org.br\/index.php\/wp-json\/wp\/v2\/media?parent=37900"}],"wp:term":[{"taxonomy":"category","embeddable":true,"href":"https:\/\/www.sincomam.org.br\/index.php\/wp-json\/wp\/v2\/categories?post=37900"},{"taxonomy":"post_tag","embeddable":true,"href":"https:\/\/www.sincomam.org.br\/index.php\/wp-json\/wp\/v2\/tags?post=37900"}],"curies":[{"name":"wp","href":"https:\/\/api.w.org\/{rel}","templated":true}]}}