{"id":37894,"date":"2022-02-14T09:53:05","date_gmt":"2022-02-14T12:53:05","guid":{"rendered":"http:\/\/www.sincomam.org.br\/?p=37894"},"modified":"2022-02-14T09:53:05","modified_gmt":"2022-02-14T12:53:05","slug":"antaq-abrira-consulta-publica-sobre-enquadramento-de-embarcacao-nos-termos-do-br-do-mar","status":"publish","type":"post","link":"https:\/\/www.sincomam.org.br\/index.php\/antaq-abrira-consulta-publica-sobre-enquadramento-de-embarcacao-nos-termos-do-br-do-mar\/","title":{"rendered":"ANTAQ abrir\u00e1 consulta p\u00fablica sobre enquadramento de embarca\u00e7\u00e3o nos termos do BR do Mar"},"content":{"rendered":"<p>AANTAQ realizar\u00e1 consulta e audi\u00eancia p\u00fablicas, entre 21 de fevereiro e 14 de mar\u00e7o, para obter contribui\u00e7\u00f5es visando ao aprimoramento da proposta normativa que estabelece os crit\u00e9rios para o enquadramento de embarca\u00e7\u00e3o como efetivamente operante e pertencente a um mesmo grupo econ\u00f4mico, nos termos do art. 14 da Lei n\u00ba 14.301, de 6 de janeiro de 2022. Trata-se da Audi\u00eancia P\u00fablica N\u00ba 4\/2022.<\/p>\n<p>A Lei 14.301  institui o Programa de Est\u00edmulo ao Transporte por Cabotagem (BR do Mar), que tem como objetivos, entre outros, ampliar a oferta e melhorar a qualidade do transporte por cabotagem; incentivar a concorr\u00eancia e a competitividade na presta\u00e7\u00e3o do servi\u00e7o de transporte por cabotagem; ampliar a disponibilidade de frota para a navega\u00e7\u00e3o de cabotagem; e incentivar a forma\u00e7\u00e3o, a capacita\u00e7\u00e3o e a qualifica\u00e7\u00e3o de mar\u00edtimos nacionais.<\/p>\n<p>Com a futura norma, a ANTAQ espera contribuir com a regulamenta\u00e7\u00e3o de dispositivos em que o BR do Mar j\u00e1 demandou expressamente a Ag\u00eancia para implementar, como \u00e9 o art. 14 do normativo.<\/p>\n<p>A Ag\u00eancia informa que haver\u00e1 uma fase de revis\u00e3o dos normativos editados pela autarquia que foram afetados pelas modifica\u00e7\u00f5es introduzidas pelo BR do Mar. O objetivo \u00e9 ter a regula\u00e7\u00e3o novamente alinhada com a pol\u00edtica p\u00fablica para a cabotagem. Vale esclarecer que as revis\u00f5es que ser\u00e3o promovidas pela ANTAQ v\u00e3o desde ajustes redacionais a altera\u00e7\u00f5es de m\u00e9rito, especialmente em rela\u00e7\u00e3o aos afretamentos, outorgas e controle\/acompanhamento de frota de embarca\u00e7\u00f5es na cabotagem.<\/p>\n<p>No entanto, algumas dessas modifica\u00e7\u00f5es ainda depender\u00e3o de atos do poder executivo federal que regulamentar\u00e3o aspectos da pr\u00f3pria Lei 14.301. A Ag\u00eancia encontra-se pronta para as a\u00e7\u00f5es regulat\u00f3rias necess\u00e1rias visando ao atingimento dos objetivos e diretrizes pretendidos pela nova pol\u00edtica p\u00fablica para a cabotagem. A autarquia tamb\u00e9m contribuir\u00e1 com o fornecimento de dados e informa\u00e7\u00f5es sobre o mercado em apoio ao monitoramento do programa BR do Mar.   <\/p>\n<p><strong>Documenta\u00e7\u00e3o<\/strong><\/p>\n<p>As minutas jur\u00eddicas e os documentos t\u00e9cnicos relativos \u00e0 Audi\u00eancia P\u00fablica N\u00ba 4\/2022 estar\u00e3o <a href=\"https:\/\/www.gov.br\/acesso-a-informacao\/participacao-social\/participacao-social\/\">dispon\u00edveis aqui<\/a>.<\/p>\n<p>Ser\u00e3o consideradas pela Ag\u00eancia apenas as contribui\u00e7\u00f5es relativas a esta consulta p\u00fablica. As contribui\u00e7\u00f5es poder\u00e3o ser dirigidas \u00e0 ANTAQ at\u00e9 \u00e0s 23h59 do dia 14 de mar\u00e7o, exclusivamente por meio e na forma do formul\u00e1rio eletr\u00f4nico dispon\u00edvel em https:\/\/www.gov.br\/antaq\/pt-br, n\u00e3o sendo aceitas contribui\u00e7\u00f5es enviadas por meio diverso.<\/p>\n<p>Ser\u00e1 permitido, exclusivamente atrav\u00e9s do e-mail anexo_audiencia042022@antaq.gov.br, mediante identifica\u00e7\u00e3o do contribuinte e no prazo estipulado no aviso, anexar imagens digitais, tais como mapas, plantas e fotos, sendo que as contribui\u00e7\u00f5es em texto dever\u00e3o ser preenchidas nos campos apropriados do formul\u00e1rio eletr\u00f4nico.<\/p>\n<p>Caso o interessado n\u00e3o disponha dos recursos necess\u00e1rios para o envio da contribui\u00e7\u00e3o por meio do formul\u00e1rio eletr\u00f4nico, poder\u00e1 utilizar o computador da Secretaria-Geral (SGE) da ANTAQ, em Bras\u00edlia\/DF, ou nas suas Unidades Regionais, cujos endere\u00e7os se encontram dispon\u00edveis no portal da Ag\u00eancia. As contribui\u00e7\u00f5es recebidas ser\u00e3o disponibilizadas no site.<\/p>\n<p>A ANTAQ pontua que a participa\u00e7\u00e3o da sociedade na elabora\u00e7\u00e3o de normas \u00e9 essencial n\u00e3o s\u00f3 para a Ag\u00eancia avaliar a regula\u00e7\u00e3o pretendida, mas tamb\u00e9m para corrigir o rumo quando identificados impactos n\u00e3o previstos ou indesejados, especialmente nas situa\u00e7\u00f5es que estejam afetando os direitos dos agentes econ\u00f4micos e usu\u00e1rios alcan\u00e7ados pela proposi\u00e7\u00e3o normativa.<\/p>\n<p><strong>Audi\u00eancia P\u00fablica<\/strong><\/p>\n<p>Com o objetivo de fomentar a discuss\u00e3o e esclarecer eventuais d\u00favidas sobre o ato normativo, ser\u00e1 realizada audi\u00eancia p\u00fablica, na forma presencial ou telepresencial, a depender das condi\u00e7\u00f5es de sa\u00fade p\u00fablica vigentes, em data, hor\u00e1rio e local a serem definidos e comunicados oportunamente.<\/p>\n","protected":false},"excerpt":{"rendered":"<p>AANTAQ realizar\u00e1 consulta e audi\u00eancia p\u00fablicas, entre 21 de fevereiro e 14 de mar\u00e7o, para obter contribui\u00e7\u00f5es visando ao aprimoramento da proposta normativa que estabelece&#8230;<\/p>\n","protected":false},"author":1527,"featured_media":37729,"comment_status":"closed","ping_status":"closed","sticky":false,"template":"","format":"standard","meta":{"footnotes":""},"categories":[6],"tags":[],"class_list":["post-37894","post","type-post","status-publish","format-standard","has-post-thumbnail","hentry","category-noticias"],"_links":{"self":[{"href":"https:\/\/www.sincomam.org.br\/index.php\/wp-json\/wp\/v2\/posts\/37894","targetHints":{"allow":["GET"]}}],"collection":[{"href":"https:\/\/www.sincomam.org.br\/index.php\/wp-json\/wp\/v2\/posts"}],"about":[{"href":"https:\/\/www.sincomam.org.br\/index.php\/wp-json\/wp\/v2\/types\/post"}],"author":[{"embeddable":true,"href":"https:\/\/www.sincomam.org.br\/index.php\/wp-json\/wp\/v2\/users\/1527"}],"replies":[{"embeddable":true,"href":"https:\/\/www.sincomam.org.br\/index.php\/wp-json\/wp\/v2\/comments?post=37894"}],"version-history":[{"count":1,"href":"https:\/\/www.sincomam.org.br\/index.php\/wp-json\/wp\/v2\/posts\/37894\/revisions"}],"predecessor-version":[{"id":37895,"href":"https:\/\/www.sincomam.org.br\/index.php\/wp-json\/wp\/v2\/posts\/37894\/revisions\/37895"}],"wp:featuredmedia":[{"embeddable":true,"href":"https:\/\/www.sincomam.org.br\/index.php\/wp-json\/wp\/v2\/media\/37729"}],"wp:attachment":[{"href":"https:\/\/www.sincomam.org.br\/index.php\/wp-json\/wp\/v2\/media?parent=37894"}],"wp:term":[{"taxonomy":"category","embeddable":true,"href":"https:\/\/www.sincomam.org.br\/index.php\/wp-json\/wp\/v2\/categories?post=37894"},{"taxonomy":"post_tag","embeddable":true,"href":"https:\/\/www.sincomam.org.br\/index.php\/wp-json\/wp\/v2\/tags?post=37894"}],"curies":[{"name":"wp","href":"https:\/\/api.w.org\/{rel}","templated":true}]}}