{"id":37877,"date":"2022-02-11T08:30:53","date_gmt":"2022-02-11T11:30:53","guid":{"rendered":"http:\/\/www.sincomam.org.br\/?p=37877"},"modified":"2022-02-11T00:57:31","modified_gmt":"2022-02-11T03:57:31","slug":"privatizacao-do-porto-de-santos-busca-dobrar-capacidade-de-movimentacao","status":"publish","type":"post","link":"https:\/\/www.sincomam.org.br\/index.php\/privatizacao-do-porto-de-santos-busca-dobrar-capacidade-de-movimentacao\/","title":{"rendered":"Privatiza\u00e7\u00e3o do Porto de Santos busca dobrar capacidade de movimenta\u00e7\u00e3o"},"content":{"rendered":"<p>O governo federal planeja dobrar a capacidade do Porto de Santos por meio da privatiza\u00e7\u00e3o. A ideia \u00e9 que a movimenta\u00e7\u00e3o por ano, hoje em cerca de 145 milh\u00f5es de toneladas, chegue a 290 milh\u00f5es de toneladas, segundo o ministro da Infraestrutura, Tarc\u00edsio de Freitas, que falou na abertura da primeira audi\u00eancia p\u00fablica do projeto, nessa quinta-feira (10), em Santos.<\/p>\n<p>\u201cVamos dobrar capacidade, transformar o maior porto da Am\u00e9rica Latina no maior porto do Hemisf\u00e9rio Sul, e inserir mais o Porto de Santos na rota do comercio internacional\u201d, disse.<\/p>\n<p>Ele tamb\u00e9m afirmou que acredita que h\u00e1 grande interesse privado no projeto. \u201cN\u00e3o faltar\u00e3o interessados. No \u00faltimo \u2018roadshow\u2019 que fizemos no exterior, o Porto de Santos foi um dos mais requisitados. Chegamos a ficar duas, tr\u00eas horas discutindo a modelagem\u201d, afirmou.<\/p>\n<p>A privatiza\u00e7\u00e3o do Porto de Santos exigir\u00e1 a aplica\u00e7\u00e3o de R$ 18,55 bilh\u00f5es por parte do novo operador, por\u00e9m, deste valor, os recursos destinados a melhorias e interven\u00e7\u00f5es no pr\u00f3prio porto somam R$ 1,4 bilh\u00e3o.<\/p>\n<p>Esse montante j\u00e1 inclui o aprofundamento do canal de acesso, dos atuais 15 metros para 17 metros, al\u00e9m de melhorias de acesso rodovi\u00e1rio e na estrutura aquavi\u00e1ria.<\/p>\n<p>A maior parcela dos recursos, R$ 14,16 bilh\u00f5es, ser\u00e1 destinada \u00e0 manuten\u00e7\u00e3o do calado do porto, com obras de dragagem.<\/p>\n<p>Tamb\u00e9m foram reservados R$ 2,99 bilh\u00f5es para a constru\u00e7\u00e3o do t\u00fanel Santos-Guaruj\u00e1. A obra n\u00e3o ser\u00e1 constru\u00edda pelo novo operador do porto, por\u00e9m, os recursos ser\u00e3o destinados a uma conta que ser\u00e1 usada para viabilizar o empreendimento, a ser concedido em um projeto paralelo.<\/p>\n<p>Novos investimentos<br \/>\nAl\u00e9m dos investimentos j\u00e1 previstos no contrato da desestatiza\u00e7\u00e3o do Porto de Santos, o projeto prev\u00ea a possibilidade de inclus\u00e3o de novas obras e interven\u00e7\u00f5es. Isso poder\u00e1 se dar de diferentes formas, explicou Diogo Piloni, Secret\u00e1rio Nacional de Portos e Transportes Aquavi\u00e1rios.<\/p>\n<p>A primeira delas seria um acordo com os usu\u00e1rios e operadores. Neste caso, haveria uma negocia\u00e7\u00e3o direta entre as empresas, na qual pode se chegar a um aumento consensual das tarifas.<\/p>\n<p>Outro mecanismo \u00e9 utilizar os recursos de uma conta vinculada, que ser\u00e1 usada como \u201ccolch\u00e3o\u201d, tanto para poss\u00edveis incidentes n\u00e3o previstos, que podem demandar reequil\u00edbrios contratuais, quanto para a inclus\u00e3o de novos investimentos.<\/p>\n<p>Essa conta ser\u00e1 alimentada por outorgas e pagamentos do novo operador privado do porto. Logo no in\u00edcio do contrato, a empresa ter\u00e1 que depositar R$ 200 milh\u00f5es nessa conta vinculada, e ao longo do projeto ter\u00e3o que ser repassados o equivalente a 2,25% das receitas operacionais brutas a essa conta.<\/p>\n<p>Al\u00e9m disso, haver\u00e1 o pagamento de uma outorga fixa, de R$ 63 milh\u00f5es por ano, e uma outorga vari\u00e1vel, de outros 2,25% da receita operacional bruta da autoridade portu\u00e1ria.<\/p>\n<p>Fonte: Estad\u00e3o<\/p>\n","protected":false},"excerpt":{"rendered":"<p>O governo federal planeja dobrar a capacidade do Porto de Santos por meio da privatiza\u00e7\u00e3o. A ideia \u00e9 que a movimenta\u00e7\u00e3o por ano, hoje em&#8230;<\/p>\n","protected":false},"author":1527,"featured_media":37832,"comment_status":"closed","ping_status":"closed","sticky":false,"template":"","format":"standard","meta":{"footnotes":""},"categories":[6],"tags":[],"class_list":["post-37877","post","type-post","status-publish","format-standard","has-post-thumbnail","hentry","category-noticias"],"_links":{"self":[{"href":"https:\/\/www.sincomam.org.br\/index.php\/wp-json\/wp\/v2\/posts\/37877","targetHints":{"allow":["GET"]}}],"collection":[{"href":"https:\/\/www.sincomam.org.br\/index.php\/wp-json\/wp\/v2\/posts"}],"about":[{"href":"https:\/\/www.sincomam.org.br\/index.php\/wp-json\/wp\/v2\/types\/post"}],"author":[{"embeddable":true,"href":"https:\/\/www.sincomam.org.br\/index.php\/wp-json\/wp\/v2\/users\/1527"}],"replies":[{"embeddable":true,"href":"https:\/\/www.sincomam.org.br\/index.php\/wp-json\/wp\/v2\/comments?post=37877"}],"version-history":[{"count":1,"href":"https:\/\/www.sincomam.org.br\/index.php\/wp-json\/wp\/v2\/posts\/37877\/revisions"}],"predecessor-version":[{"id":37878,"href":"https:\/\/www.sincomam.org.br\/index.php\/wp-json\/wp\/v2\/posts\/37877\/revisions\/37878"}],"wp:featuredmedia":[{"embeddable":true,"href":"https:\/\/www.sincomam.org.br\/index.php\/wp-json\/wp\/v2\/media\/37832"}],"wp:attachment":[{"href":"https:\/\/www.sincomam.org.br\/index.php\/wp-json\/wp\/v2\/media?parent=37877"}],"wp:term":[{"taxonomy":"category","embeddable":true,"href":"https:\/\/www.sincomam.org.br\/index.php\/wp-json\/wp\/v2\/categories?post=37877"},{"taxonomy":"post_tag","embeddable":true,"href":"https:\/\/www.sincomam.org.br\/index.php\/wp-json\/wp\/v2\/tags?post=37877"}],"curies":[{"name":"wp","href":"https:\/\/api.w.org\/{rel}","templated":true}]}}