{"id":37871,"date":"2022-02-11T08:31:22","date_gmt":"2022-02-11T11:31:22","guid":{"rendered":"http:\/\/www.sincomam.org.br\/?p=37871"},"modified":"2022-02-11T00:32:46","modified_gmt":"2022-02-11T03:32:46","slug":"covid-19-rio-estuda-aplicacao-da-segunda-dose-de-reforco-de-vacina","status":"publish","type":"post","link":"https:\/\/www.sincomam.org.br\/index.php\/covid-19-rio-estuda-aplicacao-da-segunda-dose-de-reforco-de-vacina\/","title":{"rendered":"Covid-19: Rio estuda aplica\u00e7\u00e3o da segunda dose de refor\u00e7o de vacina"},"content":{"rendered":"<p>A Secretaria Municipal de Sa\u00fade do Rio de Janeiro (SMS) avalia a possibilidade de aplicar a segunda dose de refor\u00e7o das vacinas contra a covid-19 um ano ap\u00f3s a primeira dose de refor\u00e7o. A informa\u00e7\u00e3o foi dada pelo secret\u00e1rio municipal de Sa\u00fade, Daniel Soranz, a um podcast e confirmada pela assessoria de imprensa da SMS.<\/p>\n<p>No caso de quem tomou as vacinas CoronaVac, Pfizer e AstraZeneca no esquema inicial, de duas doses, a primeira dose de refor\u00e7o \u00e9 a terceira dose, e a segunda seria a quarta. J\u00e1 para quem tomou o imunizante da Janssen, que \u00e9 de dose \u00fanica no esquema inicial, a segunda dose de refor\u00e7o seria a terceira.<\/p>\n<p>Segundo a secretaria, a segunda dose de refor\u00e7o (DR2) j\u00e1 \u00e9 uma realidade no munic\u00edpio do Rio de Janeiro desde 27 de dezembro de 2021, seguindo a recomenda\u00e7\u00e3o do Minist\u00e9rio da Sa\u00fade, para pessoas com alto grau de imunossupress\u00e3o.<\/p>\n<p>&#8220;Para a popula\u00e7\u00e3o em geral, a Secretaria Municipal de Sa\u00fade avalia aplicar a DR2 um ano ap\u00f3s o recebimento da dose de refor\u00e7o (DR), ou seja, da terceira dose&#8221;, explicou a SMS.<\/p>\n<p>Na \u00faltima segunda-feira, o ministro da Sa\u00fade, Marcelo Queiroga, disse que o tema tem sido discutido pela \u00e1rea t\u00e9cnica da pasta, mas n\u00e3o h\u00e1 previs\u00e3o de aplica\u00e7\u00e3o de quarta dose para toda a popula\u00e7\u00e3o no Brasil.<\/p>\n<p>&#8220;A secret\u00e1ria Rosana [Leite de Melo, secret\u00e1ria extraordin\u00e1ria de Enfrentamento \u00e0 Covid do Minist\u00e9rio da Sa\u00fade] conversou comigo na sexta-feira passada e disse que o grupo t\u00e9cnico, nesse momento, n\u00e3o avalia aplicar a quarta dose. Mas, na pr\u00e1tica, seria a dose de 2022. O que n\u00f3s temos s\u00e3o doses para garantir que as necess\u00e1rias, recomendadas pelos t\u00e9cnicos, sejam disponibilizadas para a popula\u00e7\u00e3o brasileira&#8221;, disse o ministro. <\/p>\n<p>Fonte: Ag\u00eancia Brasil<\/p>\n","protected":false},"excerpt":{"rendered":"<p>A Secretaria Municipal de Sa\u00fade do Rio de Janeiro (SMS) avalia a possibilidade de aplicar a segunda dose de refor\u00e7o das vacinas contra a covid-19&#8230;<\/p>\n","protected":false},"author":1527,"featured_media":37872,"comment_status":"closed","ping_status":"closed","sticky":false,"template":"","format":"standard","meta":{"footnotes":""},"categories":[6],"tags":[],"class_list":["post-37871","post","type-post","status-publish","format-standard","has-post-thumbnail","hentry","category-noticias"],"_links":{"self":[{"href":"https:\/\/www.sincomam.org.br\/index.php\/wp-json\/wp\/v2\/posts\/37871","targetHints":{"allow":["GET"]}}],"collection":[{"href":"https:\/\/www.sincomam.org.br\/index.php\/wp-json\/wp\/v2\/posts"}],"about":[{"href":"https:\/\/www.sincomam.org.br\/index.php\/wp-json\/wp\/v2\/types\/post"}],"author":[{"embeddable":true,"href":"https:\/\/www.sincomam.org.br\/index.php\/wp-json\/wp\/v2\/users\/1527"}],"replies":[{"embeddable":true,"href":"https:\/\/www.sincomam.org.br\/index.php\/wp-json\/wp\/v2\/comments?post=37871"}],"version-history":[{"count":1,"href":"https:\/\/www.sincomam.org.br\/index.php\/wp-json\/wp\/v2\/posts\/37871\/revisions"}],"predecessor-version":[{"id":37873,"href":"https:\/\/www.sincomam.org.br\/index.php\/wp-json\/wp\/v2\/posts\/37871\/revisions\/37873"}],"wp:featuredmedia":[{"embeddable":true,"href":"https:\/\/www.sincomam.org.br\/index.php\/wp-json\/wp\/v2\/media\/37872"}],"wp:attachment":[{"href":"https:\/\/www.sincomam.org.br\/index.php\/wp-json\/wp\/v2\/media?parent=37871"}],"wp:term":[{"taxonomy":"category","embeddable":true,"href":"https:\/\/www.sincomam.org.br\/index.php\/wp-json\/wp\/v2\/categories?post=37871"},{"taxonomy":"post_tag","embeddable":true,"href":"https:\/\/www.sincomam.org.br\/index.php\/wp-json\/wp\/v2\/tags?post=37871"}],"curies":[{"name":"wp","href":"https:\/\/api.w.org\/{rel}","templated":true}]}}