{"id":3787,"date":"2014-02-24T08:12:03","date_gmt":"2014-02-24T11:12:03","guid":{"rendered":"http:\/\/www.sincomam.org.br\/?p=3787"},"modified":"2014-02-24T09:13:36","modified_gmt":"2014-02-24T12:13:36","slug":"brasil-geral-29595-mil-postos-de-trabalho-em-janeiro","status":"publish","type":"post","link":"https:\/\/www.sincomam.org.br\/index.php\/brasil-geral-29595-mil-postos-de-trabalho-em-janeiro\/","title":{"rendered":"Brasil gera 29,595 mil postos de trabalho em janeiro"},"content":{"rendered":"<p>O mercado de trabalho brasileiro registrou, em janeiro deste ano, a cria\u00e7\u00e3o l\u00edquida de 29.595 postos de trabalho, uma ligeira alta quando comparado ao mesmo m\u00eas de 2013, quando foram criados 28.900 empregos, segundo informou o Cadastro Geral de Empregados e Desempregados (Caged), ligado ao Minist\u00e9rio do Trabalho, nesta quinta-feira, 20. Os dados ainda est\u00e3o sem ajuste, ou seja, n\u00e3o foram consideradas as informa\u00e7\u00f5es enviadas fora do prazo pelas empresas.<\/p>\n<p>O saldo de janeiro \u00e9 resultado de 1.778.077 admiss\u00f5es e de 1.748.482 desligamentos, ambos representando o segundo maior resultado para o per\u00edodo. O resultados ficou bem abaixo da m\u00e9dia de proje\u00e7\u00f5es apuradas pelo Valor Data, que era de 50,5 mil vagas.<\/p>\n<p>Nos \u00faltimos 12 meses, verificou-se a cria\u00e7\u00e3o de 1.045.848 postos de trabalho, uma expans\u00e3o de 2,64% no contingente de empregados celetistas do pa\u00eds.<\/p>\n<p><b>Ind\u00fastria foi a campe\u00e3 de vagas<\/b><\/p>\n<p>O com\u00e9rcio foi o \u00fanico setor da economia que fechou vagas de trabalho em janeiro, de acordo com o Caged. A redu\u00e7\u00e3o de 78.118 postos, segundo o minist\u00e9rio, se deu em fun\u00e7\u00e3o do per\u00edodo de movimento mais fraco no varejo.<\/p>\n<p>Os demais setores aumentaram os postos de trabalho, com destaque para a ind\u00fastria de transforma\u00e7\u00e3o, que abriu 38.516 vagas, seguida da constru\u00e7\u00e3o civil, com 38.058 postos. Os servi\u00e7os tamb\u00e9m criaram 24.681 empregos em janeiro.<\/p>\n<p>Apesar de ter liderado a abertura de vagas no primeiro m\u00eas do ano, a ind\u00fastria registrou resultado abaixo de janeiro de 2013, quando foram abertos 43,3 mil postos de trabalho. Entretanto, segundo nota do Minist\u00e9rio do Trabalho, saldo do setor ficou acima da m\u00e9dia observada no m\u00eas de janeiro nos \u00faltimos 11 anos (32.814).<\/p>\n<p>Valor: Vandson Lima<\/p>\n","protected":false},"excerpt":{"rendered":"<p>O mercado de trabalho brasileiro registrou, em janeiro deste ano, a cria\u00e7\u00e3o l\u00edquida de 29.595 postos de trabalho, uma ligeira alta quando comparado ao mesmo&#8230;<\/p>\n","protected":false},"author":1182,"featured_media":0,"comment_status":"closed","ping_status":"closed","sticky":false,"template":"","format":"standard","meta":{"footnotes":""},"categories":[6],"tags":[61,556,555,554],"class_list":["post-3787","post","type-post","status-publish","format-standard","hentry","category-noticias","tag-brasil","tag-geracao","tag-janeiro","tag-trabalho"],"_links":{"self":[{"href":"https:\/\/www.sincomam.org.br\/index.php\/wp-json\/wp\/v2\/posts\/3787","targetHints":{"allow":["GET"]}}],"collection":[{"href":"https:\/\/www.sincomam.org.br\/index.php\/wp-json\/wp\/v2\/posts"}],"about":[{"href":"https:\/\/www.sincomam.org.br\/index.php\/wp-json\/wp\/v2\/types\/post"}],"author":[{"embeddable":true,"href":"https:\/\/www.sincomam.org.br\/index.php\/wp-json\/wp\/v2\/users\/1182"}],"replies":[{"embeddable":true,"href":"https:\/\/www.sincomam.org.br\/index.php\/wp-json\/wp\/v2\/comments?post=3787"}],"version-history":[{"count":3,"href":"https:\/\/www.sincomam.org.br\/index.php\/wp-json\/wp\/v2\/posts\/3787\/revisions"}],"predecessor-version":[{"id":3795,"href":"https:\/\/www.sincomam.org.br\/index.php\/wp-json\/wp\/v2\/posts\/3787\/revisions\/3795"}],"wp:attachment":[{"href":"https:\/\/www.sincomam.org.br\/index.php\/wp-json\/wp\/v2\/media?parent=3787"}],"wp:term":[{"taxonomy":"category","embeddable":true,"href":"https:\/\/www.sincomam.org.br\/index.php\/wp-json\/wp\/v2\/categories?post=3787"},{"taxonomy":"post_tag","embeddable":true,"href":"https:\/\/www.sincomam.org.br\/index.php\/wp-json\/wp\/v2\/tags?post=3787"}],"curies":[{"name":"wp","href":"https:\/\/api.w.org\/{rel}","templated":true}]}}