{"id":37859,"date":"2022-02-10T08:20:50","date_gmt":"2022-02-10T11:20:50","guid":{"rendered":"http:\/\/www.sincomam.org.br\/?p=37859"},"modified":"2022-02-10T02:24:51","modified_gmt":"2022-02-10T05:24:51","slug":"sindicatos-maritimos-defendem-em-brasilia-a-derrubada-do-veto-presidencial-ao-emprego-de-brasileiros-no-br-do-mar","status":"publish","type":"post","link":"https:\/\/www.sincomam.org.br\/index.php\/sindicatos-maritimos-defendem-em-brasilia-a-derrubada-do-veto-presidencial-ao-emprego-de-brasileiros-no-br-do-mar\/","title":{"rendered":"Sindicatos Mar\u00edtimos defendem em Bras\u00edlia a derrubada do veto presidencial ao emprego de brasileiros no BR do Mar"},"content":{"rendered":"<p>Com o in\u00edcio das atividades parlamentares em 2022, deputados e senadores decidir\u00e3o em sess\u00e3o conjunta no Congresso Nacional se ser\u00e1 derrubado ou n\u00e3o o veto do presidente Jair Bolsonaro ao inciso do artigo 9\u00ba da Lei 14.301\/2021 (PL 4.199\/2020) que assegurava o emprego de pelo menos 2\/3 de trabalhadores brasileiros nos navios estrangeiros que participarem do programa de est\u00edmulo \u00e0 cabotagem nacional, o BR do Mar.<\/p>\n<p>Os dirigentes dos sindicatos mar\u00edtimos est\u00e3o buscando articular junto aos parlamentares a derrubada dos vetos que reduzem o emprego de brasileiros. Os argumentos do Minist\u00e9rio da Economia, de que os tripulantes brasileiros custam caro para os armadores, ca\u00edram por terra com os reajustes salariais significativos que as empresas estrangeiras que atuam no Brasil v\u00eam fazendo voluntariamente nesse in\u00edcio de ano para diminuir a defasagem que existe atualmente em rela\u00e7\u00e3o ao custo internacional da tripula\u00e7\u00e3o.<\/p>\n<p>Havia a expectativa para que a aprecia\u00e7\u00e3o aos vetos ocorresse nesta ter\u00e7a-feira (8), mas de acordo com lideran\u00e7as no parlamento ouvidas pela representa\u00e7\u00e3o sindical, a discuss\u00e3o do tema vai ficar para o m\u00eas de mar\u00e7o.<\/p>\n<p>Fonte: Mundo Sindical<\/p>\n","protected":false},"excerpt":{"rendered":"<p>Com o in\u00edcio das atividades parlamentares em 2022, deputados e senadores decidir\u00e3o em sess\u00e3o conjunta no Congresso Nacional se ser\u00e1 derrubado ou n\u00e3o o veto&#8230;<\/p>\n","protected":false},"author":1527,"featured_media":37860,"comment_status":"closed","ping_status":"closed","sticky":false,"template":"","format":"standard","meta":{"footnotes":""},"categories":[6],"tags":[],"class_list":["post-37859","post","type-post","status-publish","format-standard","has-post-thumbnail","hentry","category-noticias"],"_links":{"self":[{"href":"https:\/\/www.sincomam.org.br\/index.php\/wp-json\/wp\/v2\/posts\/37859","targetHints":{"allow":["GET"]}}],"collection":[{"href":"https:\/\/www.sincomam.org.br\/index.php\/wp-json\/wp\/v2\/posts"}],"about":[{"href":"https:\/\/www.sincomam.org.br\/index.php\/wp-json\/wp\/v2\/types\/post"}],"author":[{"embeddable":true,"href":"https:\/\/www.sincomam.org.br\/index.php\/wp-json\/wp\/v2\/users\/1527"}],"replies":[{"embeddable":true,"href":"https:\/\/www.sincomam.org.br\/index.php\/wp-json\/wp\/v2\/comments?post=37859"}],"version-history":[{"count":1,"href":"https:\/\/www.sincomam.org.br\/index.php\/wp-json\/wp\/v2\/posts\/37859\/revisions"}],"predecessor-version":[{"id":37861,"href":"https:\/\/www.sincomam.org.br\/index.php\/wp-json\/wp\/v2\/posts\/37859\/revisions\/37861"}],"wp:featuredmedia":[{"embeddable":true,"href":"https:\/\/www.sincomam.org.br\/index.php\/wp-json\/wp\/v2\/media\/37860"}],"wp:attachment":[{"href":"https:\/\/www.sincomam.org.br\/index.php\/wp-json\/wp\/v2\/media?parent=37859"}],"wp:term":[{"taxonomy":"category","embeddable":true,"href":"https:\/\/www.sincomam.org.br\/index.php\/wp-json\/wp\/v2\/categories?post=37859"},{"taxonomy":"post_tag","embeddable":true,"href":"https:\/\/www.sincomam.org.br\/index.php\/wp-json\/wp\/v2\/tags?post=37859"}],"curies":[{"name":"wp","href":"https:\/\/api.w.org\/{rel}","templated":true}]}}