{"id":37856,"date":"2022-02-10T08:17:25","date_gmt":"2022-02-10T11:17:25","guid":{"rendered":"http:\/\/www.sincomam.org.br\/?p=37856"},"modified":"2022-02-10T02:19:24","modified_gmt":"2022-02-10T05:19:24","slug":"comeca-pagamento-do-abono-salarial-da-iniciativa-privada","status":"publish","type":"post","link":"https:\/\/www.sincomam.org.br\/index.php\/comeca-pagamento-do-abono-salarial-da-iniciativa-privada\/","title":{"rendered":"Come\u00e7a pagamento do abono salarial da iniciativa privada"},"content":{"rendered":"<p>Come\u00e7ou o pagamento do abono salarial para os trabalhadores da inciativa privada, ano-base 2020. O calend\u00e1rio de pagamentos  seguir\u00e1 o m\u00eas de nascimento. Nesta ter\u00e7a-feira, recebem o pagamento os nascidos em janeiro. Os nascidos em dezembro receber\u00e3o no dia 31 de mar\u00e7o.<\/p>\n<p>O abono salarial de at\u00e9 um sal\u00e1rio m\u00ednimo \u00e9 pago aos trabalhadores inscritos no PIS\/Pasep h\u00e1 pelo menos cinco anos. Recebe o abono agora quem trabalhou formalmente por pelo menos 30 dias em 2020, com remunera\u00e7\u00e3o mensal m\u00e9dia de at\u00e9 dois sal\u00e1rios m\u00ednimos.<\/p>\n<p>Para servidores p\u00fablicos, militares e empregados de estatais, inscritos no Pasep, o pagamento tem in\u00edcio a partir do dia 15 de fevereiro e vai at\u00e9 4 de mar\u00e7o, pelo Banco do Brasil.<\/p>\n<p>Os valores de pagamento para cada trabalhador variam de acordo com a quantidade de dias trabalhados durante o ano-base 2020.<\/p>\n<p>Devem receber o benef\u00edcio cerca de 22 milh\u00f5es de trabalhadores, com valor total de mais de R$ 20 bilh\u00f5es, oriundos do Fundo de Amparo ao Trabalhador (FAT).<\/p>\n<p>A Caixa informou que o cr\u00e9dito ser\u00e1 depositado automaticamente para quem tem conta no banco. Os demais benefici\u00e1rios receber\u00e3o os valores por meio da Poupan\u00e7a Social Digital, podendo ser movimentada pelo aplicativo Caixa Tem.<\/p>\n<p>Caso n\u00e3o seja poss\u00edvel a abertura da conta digital, o saque poder\u00e1 ser realizado com o Cart\u00e3o do Cidad\u00e3o e senha nos terminais de autoatendimento, unidades lot\u00e9ricas, Caixa Aqui ou ag\u00eancias, sempre de acordo com o calend\u00e1rio de pagamento.<\/p>\n<p>A Caixa disse ainda que para os benefici\u00e1rios residentes nos munic\u00edpios da Bahia e de Minas Gerais em situa\u00e7\u00e3o de emerg\u00eancia, devido \u00e0s fortes chuvas, o pagamento ser\u00e1 iniciado hoje, independentemente do m\u00eas de nascimento.<\/p>\n","protected":false},"excerpt":{"rendered":"<p>Come\u00e7ou o pagamento do abono salarial para os trabalhadores da inciativa privada, ano-base 2020. O calend\u00e1rio de pagamentos seguir\u00e1 o m\u00eas de nascimento. Nesta ter\u00e7a-feira,&#8230;<\/p>\n","protected":false},"author":1527,"featured_media":37857,"comment_status":"closed","ping_status":"closed","sticky":false,"template":"","format":"standard","meta":{"footnotes":""},"categories":[6],"tags":[],"class_list":["post-37856","post","type-post","status-publish","format-standard","has-post-thumbnail","hentry","category-noticias"],"_links":{"self":[{"href":"https:\/\/www.sincomam.org.br\/index.php\/wp-json\/wp\/v2\/posts\/37856","targetHints":{"allow":["GET"]}}],"collection":[{"href":"https:\/\/www.sincomam.org.br\/index.php\/wp-json\/wp\/v2\/posts"}],"about":[{"href":"https:\/\/www.sincomam.org.br\/index.php\/wp-json\/wp\/v2\/types\/post"}],"author":[{"embeddable":true,"href":"https:\/\/www.sincomam.org.br\/index.php\/wp-json\/wp\/v2\/users\/1527"}],"replies":[{"embeddable":true,"href":"https:\/\/www.sincomam.org.br\/index.php\/wp-json\/wp\/v2\/comments?post=37856"}],"version-history":[{"count":1,"href":"https:\/\/www.sincomam.org.br\/index.php\/wp-json\/wp\/v2\/posts\/37856\/revisions"}],"predecessor-version":[{"id":37858,"href":"https:\/\/www.sincomam.org.br\/index.php\/wp-json\/wp\/v2\/posts\/37856\/revisions\/37858"}],"wp:featuredmedia":[{"embeddable":true,"href":"https:\/\/www.sincomam.org.br\/index.php\/wp-json\/wp\/v2\/media\/37857"}],"wp:attachment":[{"href":"https:\/\/www.sincomam.org.br\/index.php\/wp-json\/wp\/v2\/media?parent=37856"}],"wp:term":[{"taxonomy":"category","embeddable":true,"href":"https:\/\/www.sincomam.org.br\/index.php\/wp-json\/wp\/v2\/categories?post=37856"},{"taxonomy":"post_tag","embeddable":true,"href":"https:\/\/www.sincomam.org.br\/index.php\/wp-json\/wp\/v2\/tags?post=37856"}],"curies":[{"name":"wp","href":"https:\/\/api.w.org\/{rel}","templated":true}]}}