{"id":3785,"date":"2014-02-24T08:17:17","date_gmt":"2014-02-24T11:17:17","guid":{"rendered":"http:\/\/www.sincomam.org.br\/?p=3785"},"modified":"2014-02-23T23:51:54","modified_gmt":"2014-02-24T02:51:54","slug":"funcionarios-do-comperj-decidem-manter-greve-pelo-menos-ate-o-dia-26","status":"publish","type":"post","link":"https:\/\/www.sincomam.org.br\/index.php\/funcionarios-do-comperj-decidem-manter-greve-pelo-menos-ate-o-dia-26\/","title":{"rendered":"Funcion\u00e1rios do Comperj decidem manter greve pelo menos at\u00e9 o dia 26"},"content":{"rendered":"<p>Os funcion\u00e1rios das obras do Complexo Petroqu\u00edmico do Rio de Janeiro (Comperj) decidiram, \u00a0em assembleia, manter a greve iniciada em 11 de fevereiro pelo menos at\u00e9 o pr\u00f3ximo dia 26. A informa\u00e7\u00e3o \u00e9 do Sindicato dos Trabalhadores da Constru\u00e7\u00e3o, Montagem e Manuten\u00e7\u00e3o Industrial de S\u00e3o Gon\u00e7alo, Itabora\u00ed e Regi\u00e3o (Sinticom).<\/p>\n<p>Segundo o Sinticom, a assembleia reuniu aproximadamente 15 mil empregados. Durante o evento, os funcion\u00e1rios discutiram a proposta do Minist\u00e9rio P\u00fablico do Trabalho (MPT), de reajuste salarial de 9% e do vale-alimenta\u00e7\u00e3o para R$ 400. Em seu \u00faltimo pleito, os trabalhadores pediam aumento linear de 15% e a contraproposta patronal era de 7% .<\/p>\n<p>Os funcion\u00e1rios n\u00e3o s\u00f3 rejeitaram a proposta do MPT, como tamb\u00e9m alteraram a pauta de reivindica\u00e7\u00f5es pedindo reajuste de 11,5%, eleva\u00e7\u00e3o do vale-alimenta\u00e7\u00e3o para R$ 460 e o n\u00e3o desconto dos dias parados.<\/p>\n<p>\u201cAo contr\u00e1rio das anteriores, a assembleia foi realizada sem a participa\u00e7\u00e3o de pessoas que promoviam arrua\u00e7as atrapalhando a decis\u00e3o dos trabalhadores\u201d, disse o Sinticom, em nota. \u201cDurante a assembleia, foram apresentadas den\u00fancias de que empresas est\u00e3o pressionando trabalhadores a voltar aos seus postos e at\u00e9 demitindo.\u201d<\/p>\n<p>Atualmente, cerca de 20 mil funcion\u00e1rios trabalham na obra do Comperj, um dos maiores investimentos da Petrobras em curso.<\/p>\n<p>Em evento no Rio de Janeiro, em 18 de fevereiro, a presidente da Petrobras, Gra\u00e7a Foster, comentou a greve. \u201cEstamos dialogando sempre. S\u00e3o muitas empresas. Elas t\u00eam l\u00e1 os seus momentos para discutir sal\u00e1rios e ganhos para os trabalhadores. E vez por outra precisamos conversar com eles, porque \u00e9 preciso caminhar\u201d, afirmou.<\/p>\n<p>Fonte: Valor &#8211; Marta Nogueira<\/p>\n","protected":false},"excerpt":{"rendered":"<p>Os funcion\u00e1rios das obras do Complexo Petroqu\u00edmico do Rio de Janeiro (Comperj) decidiram, \u00a0em assembleia, manter a greve iniciada em 11 de fevereiro pelo menos&#8230;<\/p>\n","protected":false},"author":1182,"featured_media":3719,"comment_status":"closed","ping_status":"closed","sticky":false,"template":"","format":"standard","meta":{"footnotes":""},"categories":[6],"tags":[360,553,217,244],"class_list":["post-3785","post","type-post","status-publish","format-standard","has-post-thumbnail","hentry","category-noticias","tag-comperj","tag-continuacao","tag-funcionarios","tag-greve"],"_links":{"self":[{"href":"https:\/\/www.sincomam.org.br\/index.php\/wp-json\/wp\/v2\/posts\/3785","targetHints":{"allow":["GET"]}}],"collection":[{"href":"https:\/\/www.sincomam.org.br\/index.php\/wp-json\/wp\/v2\/posts"}],"about":[{"href":"https:\/\/www.sincomam.org.br\/index.php\/wp-json\/wp\/v2\/types\/post"}],"author":[{"embeddable":true,"href":"https:\/\/www.sincomam.org.br\/index.php\/wp-json\/wp\/v2\/users\/1182"}],"replies":[{"embeddable":true,"href":"https:\/\/www.sincomam.org.br\/index.php\/wp-json\/wp\/v2\/comments?post=3785"}],"version-history":[{"count":1,"href":"https:\/\/www.sincomam.org.br\/index.php\/wp-json\/wp\/v2\/posts\/3785\/revisions"}],"predecessor-version":[{"id":3786,"href":"https:\/\/www.sincomam.org.br\/index.php\/wp-json\/wp\/v2\/posts\/3785\/revisions\/3786"}],"wp:featuredmedia":[{"embeddable":true,"href":"https:\/\/www.sincomam.org.br\/index.php\/wp-json\/wp\/v2\/media\/3719"}],"wp:attachment":[{"href":"https:\/\/www.sincomam.org.br\/index.php\/wp-json\/wp\/v2\/media?parent=3785"}],"wp:term":[{"taxonomy":"category","embeddable":true,"href":"https:\/\/www.sincomam.org.br\/index.php\/wp-json\/wp\/v2\/categories?post=3785"},{"taxonomy":"post_tag","embeddable":true,"href":"https:\/\/www.sincomam.org.br\/index.php\/wp-json\/wp\/v2\/tags?post=3785"}],"curies":[{"name":"wp","href":"https:\/\/api.w.org\/{rel}","templated":true}]}}