{"id":37849,"date":"2022-02-10T08:30:49","date_gmt":"2022-02-10T11:30:49","guid":{"rendered":"http:\/\/www.sincomam.org.br\/?p=37849"},"modified":"2022-02-10T02:14:03","modified_gmt":"2022-02-10T05:14:03","slug":"senado-aprova-pec-de-investimentos-para-o-setor-de-transporte","status":"publish","type":"post","link":"https:\/\/www.sincomam.org.br\/index.php\/senado-aprova-pec-de-investimentos-para-o-setor-de-transporte\/","title":{"rendered":"Senado aprova PEC de investimentos para o setor de transporte"},"content":{"rendered":"<p>O Senado aprovou uma Proposta de Emenda \u00e0 Constitui\u00e7\u00e3o (PEC) que possibilita mais investimentos no setor de transportes a partir de de concess\u00f5es \u00e0 iniciativa privada. A PEC prev\u00ea que e 70% de todos os recursos que forem arrecadados com contrapartidas por concess\u00f5es, permiss\u00f5es ou autoriza\u00e7\u00f5es onerosas decorrentes de infraestruturas de transportes da Uni\u00e3o somente poder\u00e3o ser aplicados no pr\u00f3prio setor. Agora, o texto segue para a C\u00e2mara.<\/p>\n<p>O relat\u00f3rio de Jayme Campos (DEM-MT) explica que h\u00e1 previs\u00e3o de que os recursos gerados para o setor com essa PEC a devem ser de menos do que R$ 7 bilh\u00f5es por ano. \u201cEsse montante \u00e9 ligeiramente inferior aos R$ 8 bilh\u00f5es que o Governo Federal investiu em infraestrutura de transportes em 2021, volume que, cabe destacar, \u00e9 muito baixo e insuficiente para as necessidades do pa\u00eds\u201d, afirmou Campos.<\/p>\n<p>Na avalia\u00e7\u00e3o do relator, a infraestrutura nacional \u00e9 \u201cprec\u00e1ria\u201d e n\u00e3o est\u00e1 no patamar exigido pelas necessidades do pa\u00eds. Ele ressalta que o investimento p\u00fablico \u00e9 limitado e que v\u00e1rios contingenciamentos dos investimentos previstos acabam por paralisando obras e aumentando seus custos.<\/p>\n<p>\u201c[A PEC] oferece uma esp\u00e9cie de piso garantido que assegure um m\u00ednimo de continuidade aos programas de investimento de transportes, de forma a evitar que as regras do teto de gastos, no futuro, comprimam seu or\u00e7amento para al\u00e9m do aceit\u00e1vel\u201d, disse o relator em seu parecer.<\/p>\n<p>Fonte: Ag\u00eancia Brasil<\/p>\n","protected":false},"excerpt":{"rendered":"<p>O Senado aprovou uma Proposta de Emenda \u00e0 Constitui\u00e7\u00e3o (PEC) que possibilita mais investimentos no setor de transportes a partir de de concess\u00f5es \u00e0 iniciativa&#8230;<\/p>\n","protected":false},"author":1527,"featured_media":37850,"comment_status":"closed","ping_status":"closed","sticky":false,"template":"","format":"standard","meta":{"footnotes":""},"categories":[6],"tags":[],"class_list":["post-37849","post","type-post","status-publish","format-standard","has-post-thumbnail","hentry","category-noticias"],"_links":{"self":[{"href":"https:\/\/www.sincomam.org.br\/index.php\/wp-json\/wp\/v2\/posts\/37849","targetHints":{"allow":["GET"]}}],"collection":[{"href":"https:\/\/www.sincomam.org.br\/index.php\/wp-json\/wp\/v2\/posts"}],"about":[{"href":"https:\/\/www.sincomam.org.br\/index.php\/wp-json\/wp\/v2\/types\/post"}],"author":[{"embeddable":true,"href":"https:\/\/www.sincomam.org.br\/index.php\/wp-json\/wp\/v2\/users\/1527"}],"replies":[{"embeddable":true,"href":"https:\/\/www.sincomam.org.br\/index.php\/wp-json\/wp\/v2\/comments?post=37849"}],"version-history":[{"count":2,"href":"https:\/\/www.sincomam.org.br\/index.php\/wp-json\/wp\/v2\/posts\/37849\/revisions"}],"predecessor-version":[{"id":37852,"href":"https:\/\/www.sincomam.org.br\/index.php\/wp-json\/wp\/v2\/posts\/37849\/revisions\/37852"}],"wp:featuredmedia":[{"embeddable":true,"href":"https:\/\/www.sincomam.org.br\/index.php\/wp-json\/wp\/v2\/media\/37850"}],"wp:attachment":[{"href":"https:\/\/www.sincomam.org.br\/index.php\/wp-json\/wp\/v2\/media?parent=37849"}],"wp:term":[{"taxonomy":"category","embeddable":true,"href":"https:\/\/www.sincomam.org.br\/index.php\/wp-json\/wp\/v2\/categories?post=37849"},{"taxonomy":"post_tag","embeddable":true,"href":"https:\/\/www.sincomam.org.br\/index.php\/wp-json\/wp\/v2\/tags?post=37849"}],"curies":[{"name":"wp","href":"https:\/\/api.w.org\/{rel}","templated":true}]}}